{"id":141741,"date":"2025-11-06T14:12:25","date_gmt":"2025-11-06T14:12:25","guid":{"rendered":"https:\/\/www.europesays.com\/pt\/141741\/"},"modified":"2025-11-06T14:12:25","modified_gmt":"2025-11-06T14:12:25","slug":"frankenstein-documentario-sobre-senna-e-galisteu-e-mais-as-estreias-da-semana-no-streaming","status":"publish","type":"post","link":"https:\/\/www.europesays.com\/pt\/141741\/","title":{"rendered":"\u2018Frankenstein\u2019, document\u00e1rio sobre Senna e Galisteu e mais: as estreias da semana no streaming"},"content":{"rendered":"<p data-component-name=\"paragraph\" class=\"styles__ParagraphStyled-sc-6adecn-0 gsLklW  \">Uma das estreias mais esperadas do streaming em 2025, <strong>Frankenstein<\/strong> de <a href=\"https:\/\/www.estadao.com.br\/tudo-sobre\/guillermo-del-toro\/\" target=\"_blank\" rel=\"noreferrer nofollow noopener\" title=\"https:\/\/www.estadao.com.br\/tudo-sobre\/guillermo-del-toro\/\"><strong>Guillermo del Toro<\/strong><\/a> finalmente est\u00e1 prestes a chegar na <strong>Netflix<\/strong>. O filme \u00e9 uma das adi\u00e7\u00f5es da plataforma ao seu cat\u00e1logo nos pr\u00f3ximos dias, assim como <strong>Eu, Eddie<\/strong>, document\u00e1rio sobre <strong>Eddie Murphy<\/strong>, e o terror indiano <strong>Baramulla<\/strong>.<\/p>\n<p>No Prime Video, a segunda temporada da s\u00e9rie alem\u00e3 <strong>Maxton Hall: O Mundo Entre N\u00f3s<\/strong> abre as estreias da plataforma, que lan\u00e7ar\u00e1 ainda a primeira temporada da anima\u00e7\u00e3o <strong>Bat-Fam\u00edlia<\/strong> e o terror <strong>Mulher no Jardim<\/strong> nesta pr\u00f3xima semana.<\/p>\n<p>Outro grande destaque da semana \u00e9 <strong>Meu Ayrton por Adriane Galisteu<\/strong>, document\u00e1rio focado na hist\u00f3ria do relacionamento que <strong>Ayrton Senna<\/strong> e<strong> Adriane Galisteu <\/strong>tiveram antes da morte do piloto, que chega \u00e0 HBO Max.<\/p>\n<p data-component-name=\"paragraph\" class=\"styles__ParagraphStyled-sc-6adecn-0 gsLklW  \">Confira abaixo as principais estreias da semana no streaming:<\/p>\n<p>Meu Ayrton por Adriane Galisteu<\/p>\n<p data-component-name=\"paragraph\" class=\"styles__ParagraphStyled-sc-6adecn-0 gsLklW  \">Neste document\u00e1rio em duas partes, Galisteu e outros entrevistados relembram o per\u00edodo de 18 meses em que a apresentadora namorou Senna e as rixas com a fam\u00edlia do piloto ap\u00f3s a morte do amado. Com imagens de arquivo e hist\u00f3rias in\u00e9ditas, Meu Ayrton por Adriane Galisteu busca contar a hist\u00f3ria de amor do casal para al\u00e9m do que foi veiculado na grande m\u00eddia.<\/p>\n<p data-component-name=\"paragraph\" class=\"styles__ParagraphStyled-sc-6adecn-0 gsLklW  \">Meu Ayrton por Adriane Galisteu chega em 6 de novembro \u00e0 HBO Max.<\/p>\n<p>Arcanjo Renegado &#8211; 4\u00aa temporada<\/p>\n<p data-component-name=\"paragraph\" class=\"styles__ParagraphStyled-sc-6adecn-0 gsLklW  \">No quarto ano da s\u00e9rie nacional, Mikhael (<strong>Marcello Melo Jr.<\/strong>) continua trafegando na t\u00eanue linha entre a lei e o crime, com novos vil\u00f5es usando sua influ\u00eancia econ\u00f4mica e pol\u00edtica para usar a viol\u00eancia como plataforma para enriquecimento pr\u00f3prio.<\/p>\n<p data-component-name=\"paragraph\" class=\"styles__ParagraphStyled-sc-6adecn-0 gsLklW  \">A quarta temporada de <strong>Arcanjo Renegado<\/strong> estreia em 6 de novembro no Globoplay.<\/p>\n<p>Frankenstein<\/p>\n<p class=\"headlines\">Frankenstein | Trailer oficial<\/p>\n<p>2:05<\/p>\n<p><img  loading=\"lazy\" class=\"thumb lazy-load-img\"\/><\/p>\n<p class=\"description\"> Cr\u00e9dito: Reprodu\u00e7\u00e3o\/Youtube\/Netflix Brasil<\/p>\n<p data-component-name=\"paragraph\" class=\"styles__ParagraphStyled-sc-6adecn-0 gsLklW  \">Adapta\u00e7\u00e3o do cl\u00e1ssico de <strong>Mary Shelley<\/strong> dirigida pelo vencedor do Oscar Guillermo del Toro, Frankenstein conta a hist\u00f3ria do m\u00e9dico Victor Frankenstein (<strong>Oscar Isaac<\/strong>) e de sua Criatura (<strong>Jacob Elordi<\/strong>) e como suas a\u00e7\u00f5es moldam sua vis\u00e3o de humanidade.<\/p>\n<p data-component-name=\"paragraph\" class=\"styles__ParagraphStyled-sc-6adecn-0 gsLklW  \">Ap\u00f3s curta temporada nos cinemas, Frankenstein estreia em 7 de novembro na Netflix.<\/p>\n<p>Maxton Hall: O Mundo Entre N\u00f3s &#8211; 2\u00aa temporada<\/p>\n<p data-component-name=\"paragraph\" class=\"styles__ParagraphStyled-sc-6adecn-0 gsLklW  \">Na segunda temporada da produ\u00e7\u00e3o alem\u00e3, o Col\u00e9gio Maxton Hall volta a ser palco de intrigas e relacionamentos conturbados, com os alunos usando todas as ferramentas que t\u00eam dispon\u00edveis para sobreviver ao ambiente hostil da adolesc\u00eancia.<\/p>\n<p data-component-name=\"paragraph\" class=\"styles__ParagraphStyled-sc-6adecn-0 gsLklW  \">A segunda temporada de Maxton Hall: O Mundo Entre N\u00f3s chega em 7 de novembro ao Prime Video.<\/p>\n<p>Baramulla<\/p>\n<p data-component-name=\"paragraph\" class=\"styles__ParagraphStyled-sc-6adecn-0 gsLklW  \">Em Baramulla, um policial encarregado de investigar o desaparecimento de um garoto se depara com segredos assustadores. \u00c0 medida em que avan\u00e7a no caso, sua vida e a de sua fam\u00edlia s\u00e3o colocadas em um risco cada vez maior.<\/p>\n<p data-component-name=\"paragraph\" class=\"styles__ParagraphStyled-sc-6adecn-0 gsLklW  \">Baramulla estreia em 7 de novembro na Netflix.<\/p>\n<p>Ferrari<\/p>\n<p data-component-name=\"paragraph\" class=\"styles__ParagraphStyled-sc-6adecn-0 gsLklW  \">Assombrado por uma fal\u00eancia iminente, Enzo Ferrari (<strong>Adam Driver<\/strong>) aposta seu legado na tradicional corrida Mille Miglia, um ato que revolucionaria o conceito de carro esportivo e pavimentando o caminho para a evolu\u00e7\u00e3o da F\u00f3rmula 1.<\/p>\n<p data-component-name=\"paragraph\" class=\"styles__ParagraphStyled-sc-6adecn-0 gsLklW  \"><strong>Ferrari<\/strong><strong> <\/strong>estreia em 7 de novembro na HBO Max.<\/p>\n<p>Mulher no Jardim<\/p>\n<p data-component-name=\"paragraph\" class=\"styles__ParagraphStyled-sc-6adecn-0 gsLklW  \">A apari\u00e7\u00e3o de uma mulher misteriosa no jardim muda a vida de uma fam\u00edlia, que passa a presenciar eventos assustadores, sempre ap\u00f3s um \u201caviso\u201d da entidade.<\/p>\n<p data-component-name=\"paragraph\" class=\"styles__ParagraphStyled-sc-6adecn-0 gsLklW  \">Mulher no Jardim chega em 8 de novembro ao Prime Video.<\/p>\n<p>Bat-Fam\u00edlia &#8211; 1\u00aa temporada<\/p>\n<p data-component-name=\"paragraph\" class=\"styles__ParagraphStyled-sc-6adecn-0 gsLklW  \">A anima\u00e7\u00e3o infantil da DC foca nos aliados do Batman, popularmente conhecidos como Bat-Fam\u00edlia, e suas aventuras por Gotham. Seguindo os eventos do especial O Natal do Pequeno Batman, de 2023, o desenho segue a mitologia do Homem-Morcego de forma leve e bem-humorada.<\/p>\n<p data-component-name=\"paragraph\" class=\"styles__ParagraphStyled-sc-6adecn-0 gsLklW  \">A primeira temporada de Bat-Fam\u00edlia estreia em 10 de novembro no Prime Video.<\/p>\n<p>Eu, Eddie<\/p>\n<p data-component-name=\"paragraph\" class=\"styles__ParagraphStyled-sc-6adecn-0 gsLklW  \">Do stand-up comedy ao estrelato, Eddie Murphy viveu os altos mais altos e os baixos mais baixos que uma carreira pode ter em Hollywood. Neste document\u00e1rio, o ator e comediante relembra sua vida e sua obra, passando por sua ascens\u00e3o no Saturday Night Live at\u00e9 os dias atuais, em que sua imagem na m\u00eddia parece renovada.<\/p>\n<p data-component-name=\"paragraph\" class=\"styles__ParagraphStyled-sc-6adecn-0 gsLklW  \">Eu, Eddie estreia em 12 de novembro na Netflix.<\/p>\n","protected":false},"excerpt":{"rendered":"Uma das estreias mais esperadas do streaming em 2025, Frankenstein de Guillermo del Toro finalmente est\u00e1 prestes a&hellip;\n","protected":false},"author":2,"featured_media":141742,"comment_status":"","ping_status":"","sticky":false,"template":"","format":"standard","meta":{"footnotes":""},"categories":[140],"tags":[114,115,147,148,146,32,33,1711],"class_list":{"0":"post-141741","1":"post","2":"type-post","3":"status-publish","4":"format-standard","5":"has-post-thumbnail","7":"category-filmes","8":"tag-entertainment","9":"tag-entretenimento","10":"tag-film","11":"tag-filmes","12":"tag-movies","13":"tag-portugal","14":"tag-pt","15":"tag-sample"},"share_on_mastodon":{"url":"https:\/\/pubeurope.com\/@pt\/115503166059617820","error":""},"_links":{"self":[{"href":"https:\/\/www.europesays.com\/pt\/wp-json\/wp\/v2\/posts\/141741","targetHints":{"allow":["GET"]}}],"collection":[{"href":"https:\/\/www.europesays.com\/pt\/wp-json\/wp\/v2\/posts"}],"about":[{"href":"https:\/\/www.europesays.com\/pt\/wp-json\/wp\/v2\/types\/post"}],"author":[{"embeddable":true,"href":"https:\/\/www.europesays.com\/pt\/wp-json\/wp\/v2\/users\/2"}],"replies":[{"embeddable":true,"href":"https:\/\/www.europesays.com\/pt\/wp-json\/wp\/v2\/comments?post=141741"}],"version-history":[{"count":0,"href":"https:\/\/www.europesays.com\/pt\/wp-json\/wp\/v2\/posts\/141741\/revisions"}],"wp:featuredmedia":[{"embeddable":true,"href":"https:\/\/www.europesays.com\/pt\/wp-json\/wp\/v2\/media\/141742"}],"wp:attachment":[{"href":"https:\/\/www.europesays.com\/pt\/wp-json\/wp\/v2\/media?parent=141741"}],"wp:term":[{"taxonomy":"category","embeddable":true,"href":"https:\/\/www.europesays.com\/pt\/wp-json\/wp\/v2\/categories?post=141741"},{"taxonomy":"post_tag","embeddable":true,"href":"https:\/\/www.europesays.com\/pt\/wp-json\/wp\/v2\/tags?post=141741"}],"curies":[{"name":"wp","href":"https:\/\/api.w.org\/{rel}","templated":true}]}}