{"id":141745,"date":"2025-11-06T14:14:10","date_gmt":"2025-11-06T14:14:10","guid":{"rendered":"https:\/\/www.europesays.com\/pt\/141745\/"},"modified":"2025-11-06T14:14:10","modified_gmt":"2025-11-06T14:14:10","slug":"vitalaire-abre-novo-espacovital-em-torres-novas-para-reforcar-cuidados-a-doentes-respiratorios-mais-ribatejo","status":"publish","type":"post","link":"https:\/\/www.europesays.com\/pt\/141745\/","title":{"rendered":"VitalAire abre novo Espa\u00e7oVital em Torres Novas para refor\u00e7ar cuidados a doentes respirat\u00f3rios \u2014 Mais Ribatejo"},"content":{"rendered":"<p>A cidade de Torres Novas conta, desde esta semana, com um novo <strong>Espa\u00e7oVital da VitalAire<\/strong>, dedicado ao acompanhamento personalizado de pessoas com doen\u00e7as respirat\u00f3rias cr\u00f3nicas. A unidade, localizada na <strong>Avenida Dr. S\u00e1 Carneiro<\/strong>, junto ao Hospital Rainha Santa Isabel, foi inaugurada no \u00e2mbito do 40.\u00ba anivers\u00e1rio da marca e vem refor\u00e7ar a rede nacional de proximidade da empresa de cuidados de sa\u00fade domicili\u00e1rios.<\/p>\n<p>Com uma localiza\u00e7\u00e3o estrat\u00e9gica, o novo espa\u00e7o pretende garantir <strong>acesso facilitado a servi\u00e7os especializados<\/strong>, assegurados por <strong>profissionais de sa\u00fade experientes<\/strong>, num modelo de apoio complementar \u00e0 terapia respirat\u00f3ria em casa. A iniciativa insere-se na miss\u00e3o da VitalAire de <strong>melhorar a qualidade de vida dos pacientes<\/strong>, capacitando-os para gerir de forma mais aut\u00f3noma a sua condi\u00e7\u00e3o.<\/p>\n<p>Na cerim\u00f3nia de inaugura\u00e7\u00e3o, esteve presente <strong>Elvira Sequeira<\/strong>, vereadora da Cultura da C\u00e2mara Municipal de Torres Novas, que destacou a import\u00e2ncia do novo servi\u00e7o para a comunidade local.<\/p>\n<p><img fetchpriority=\"high\" decoding=\"async\" class=\"alignnone size-large wp-image-163487\" src=\"https:\/\/www.europesays.com\/pt\/wp-content\/uploads\/2025\/11\/vitalaire_torresnovas-0088-1024x683.jpg\" alt=\"\" width=\"696\" height=\"464\"  \/><\/p>\n<p>\u201cO nosso objetivo \u00e9 ir al\u00e9m da terapia. Queremos capacitar os nossos pacientes e os seus cuidadores com o conhecimento e as ferramentas necess\u00e1rias para uma gest\u00e3o aut\u00f3noma do seu bem-estar\u201d, afirmou <strong>Andr\u00e9 Monteiro<\/strong>, diretor-geral da VitalAire Portugal.<\/p>\n<p>O <strong>Espa\u00e7oVital Torres Novas<\/strong> \u00e9 o <strong>s\u00e9timo<\/strong> a n\u00edvel nacional, juntando-se aos j\u00e1 existentes no Porto, Viseu, Santar\u00e9m, \u00c9vora, Almada e Ponta Delgada. Aqui, os utentes podem contar com <strong>forma\u00e7\u00e3o personalizada<\/strong>, esclarecimento sobre a utiliza\u00e7\u00e3o correta de equipamentos m\u00e9dicos e <strong>sess\u00f5es educativas<\/strong> no \u00e2mbito do programa <strong>PacienteVitalAire<\/strong>, que incentiva \u00e0 participa\u00e7\u00e3o ativa nos cuidados de sa\u00fade.<\/p>\n<p>Entre as patologias acompanhadas est\u00e3o a <strong>Doen\u00e7a Pulmonar Obstrutiva Cr\u00f3nica (DPOC)<\/strong> e a <strong>Apneia Obstrutiva do Sono (AOS)<\/strong>, duas das condi\u00e7\u00f5es respirat\u00f3rias cr\u00f3nicas mais prevalentes na popula\u00e7\u00e3o portuguesa.<\/p>\n<p>O espa\u00e7o est\u00e1 aberto de <strong>segunda a sexta-feira<\/strong>, das <strong>10h00 \u00e0s 13h00<\/strong> e das <strong>14h00 \u00e0s 19h00<\/strong>, na <strong>Av. Dr. S\u00e1 Carneiro, Lote 1, R\/C, Loja 3<\/strong>, em Torres Novas.<\/p>\n<p>A nova unidade reafirma o compromisso da VitalAire com uma abordagem centrada no paciente e com o fortalecimento da <strong>rede de sa\u00fade de proximidade no distrito de Santar\u00e9m<\/strong>, apostando em cuidados mais humanizados, acess\u00edveis e sustent\u00e1veis.<\/p>\n","protected":false},"excerpt":{"rendered":"A cidade de Torres Novas conta, desde esta semana, com um novo Espa\u00e7oVital da VitalAire, dedicado ao acompanhamento&hellip;\n","protected":false},"author":2,"featured_media":141746,"comment_status":"","ping_status":"","sticky":false,"template":"","format":"standard","meta":{"footnotes":""},"categories":[86],"tags":[31419,116,32,33,117,19203,31420],"class_list":{"0":"post-141745","1":"post","2":"type-post","3":"status-publish","4":"format-standard","5":"has-post-thumbnail","7":"category-saude","8":"tag-cuidados-a-doentes-respiratorios","9":"tag-health","10":"tag-portugal","11":"tag-pt","12":"tag-saude","13":"tag-torres-novas","14":"tag-vitalaire-abre-novo-espacovital"},"share_on_mastodon":{"url":"https:\/\/pubeurope.com\/@pt\/115503173937592374","error":""},"_links":{"self":[{"href":"https:\/\/www.europesays.com\/pt\/wp-json\/wp\/v2\/posts\/141745","targetHints":{"allow":["GET"]}}],"collection":[{"href":"https:\/\/www.europesays.com\/pt\/wp-json\/wp\/v2\/posts"}],"about":[{"href":"https:\/\/www.europesays.com\/pt\/wp-json\/wp\/v2\/types\/post"}],"author":[{"embeddable":true,"href":"https:\/\/www.europesays.com\/pt\/wp-json\/wp\/v2\/users\/2"}],"replies":[{"embeddable":true,"href":"https:\/\/www.europesays.com\/pt\/wp-json\/wp\/v2\/comments?post=141745"}],"version-history":[{"count":0,"href":"https:\/\/www.europesays.com\/pt\/wp-json\/wp\/v2\/posts\/141745\/revisions"}],"wp:featuredmedia":[{"embeddable":true,"href":"https:\/\/www.europesays.com\/pt\/wp-json\/wp\/v2\/media\/141746"}],"wp:attachment":[{"href":"https:\/\/www.europesays.com\/pt\/wp-json\/wp\/v2\/media?parent=141745"}],"wp:term":[{"taxonomy":"category","embeddable":true,"href":"https:\/\/www.europesays.com\/pt\/wp-json\/wp\/v2\/categories?post=141745"},{"taxonomy":"post_tag","embeddable":true,"href":"https:\/\/www.europesays.com\/pt\/wp-json\/wp\/v2\/tags?post=141745"}],"curies":[{"name":"wp","href":"https:\/\/api.w.org\/{rel}","templated":true}]}}