{"id":141747,"date":"2025-11-06T14:18:14","date_gmt":"2025-11-06T14:18:14","guid":{"rendered":"https:\/\/www.europesays.com\/pt\/141747\/"},"modified":"2025-11-06T14:18:14","modified_gmt":"2025-11-06T14:18:14","slug":"copacabana-cristo-e-boteco-a-visita-de-william-ao-rio-observador","status":"publish","type":"post","link":"https:\/\/www.europesays.com\/pt\/141747\/","title":{"rendered":"Copacabana, Cristo e boteco. A visita de William ao Rio \u2013 Observador"},"content":{"rendered":"<p>A primeira paragem foi logo no alto do P\u00e3o de A\u00e7\u00facar. Na segunda-feira, 3 de novembro, o pr\u00edncipe William iniciou a sua <strong>primeira visita oficial ao Brasil<\/strong> diante da vista da Ba\u00eda de Guanabara, num encontro com Eduardo Paes, o autarca do Rio de Janeiro, que lhe ofereceu a \u201cchave da cidade\u201d. O herdeiro ao trono parece ter percebido a mensagem e fez por se sentir em casa. Ainda na segunda-feira passou pelo <strong>Maracan\u00e3 <\/strong>na companhia do jogador brasileiro Cafu; na ter\u00e7a-feira visitou os nadadores salvadores de <strong>Copacabana<\/strong> e\u00a0jogou v\u00f3lei de praia, depois abriu um bot\u00e3o da camisa para o passeio de barco pelos manguezais e terminou o dia num <strong>boteco em Ipanema<\/strong>. Esta quarta-feira recebeu um adere\u00e7o de uma representante ind\u00edgena da Amaz\u00f3nia e recriou uma ic\u00f3nica fotografia da princesa Diana no <strong>Cristo Redentor<\/strong>.<\/p>\n<p>A viagem tem um motivo especial: marca tamb\u00e9m a <strong>primeira vez que William vai representar o pai, o Rei Carlos III, na cimeira das Na\u00e7\u00f5es Unidas pelas altera\u00e7\u00f5es clim\u00e1ticas, a COP<\/strong>, que este ano <a href=\"https:\/\/observador.pt\/2025\/11\/03\/brasil-destaca-forcas-armadas-para-a-cop30\/\" target=\"_blank\" rel=\"noopener nofollow\">acontece em Bel\u00e9m, no estado brasileiro do Par\u00e1.<\/a> O pr\u00edncipe viaja j\u00e1 esta quinta-feira, dia 6 de novembro, quando deve discursar perante l\u00edderes mundiais, incluindo Emmanuel Macron e Keir Starmer, assim como representantes europeus, como Ursula von der Leyen e Ant\u00f3nio Costa. Ser\u00e1 a <strong>estreia no evento do herdeiro ao trono \u00e0 solo<\/strong>, o que representa tamb\u00e9m o seu papel mais ativo como embaixador das causas clim\u00e1ticas. Portanto, os tr\u00eas dias anteriores no Rio de Janeiro parecem ter servido tamb\u00e9m como um aquecimento.<\/p>\n<p>Na \u201ccidade maravilhosa\u201d, William participa ainda esta quarta-feira na entrega dos <strong>pr\u00e9mios Earthshot<\/strong>, criados pela Royal Foundation em 2021 para premiar at\u00e9 2030, anualmente, cinco iniciativas que contribuem para o ambiente. O pr\u00edncipe tamb\u00e9m visitou projetos sociais no \u00e2mbito do programa United for Wildlife, uma campanha de combate ao tr\u00e1fico de animais silvestres. Foi por isso que William esteve, por exemplo, a jogar futebol no Maracan\u00e3 com as crian\u00e7as que participam no programa de lideran\u00e7a Eartshot, a plantar \u00e1rvores no manguezal ao lado de ativistas ambientais locais, e a promover o campo de f\u00e9rias dos nadadores salvadores de Copacabana, focado na educa\u00e7\u00e3o de crian\u00e7as e jovens sobre a seguran\u00e7a no mar, e o projeto social da atleta Carol Solberg, que leva jovens de comunidades vulner\u00e1veis para o v\u00f3lei de praia. Esta quarta-feira, na cimeira global do United of Wildlife, interagiu com l\u00edderes ind\u00edgenas da Amaz\u00f3nia e anunciou a parceria com um fundo para a prote\u00e7\u00e3o ambiental liderado por membros da comunidade ind\u00edgena.<\/p>\n","protected":false},"excerpt":{"rendered":"A primeira paragem foi logo no alto do P\u00e3o de A\u00e7\u00facar. Na segunda-feira, 3 de novembro, o pr\u00edncipe&hellip;\n","protected":false},"author":2,"featured_media":141748,"comment_status":"","ping_status":"","sticky":false,"template":"","format":"standard","meta":{"footnotes":""},"categories":[50],"tags":[27,28,6516,211,10240,15,16,14,25,26,186,21,22,62,12,13,19,20,23,24,17,18,29,30,31,63,64,65],"class_list":{"0":"post-141747","1":"post","2":"type-post","3":"status-publish","4":"format-standard","5":"has-post-thumbnail","7":"category-mundo","8":"tag-breaking-news","9":"tag-breakingnews","10":"tag-casas-reais","11":"tag-celebridades","12":"tag-famu00edlia-real-britu00e2nica","13":"tag-featured-news","14":"tag-featurednews","15":"tag-headlines","16":"tag-latest-news","17":"tag-latestnews","18":"tag-lifestyle","19":"tag-main-news","20":"tag-mainnews","21":"tag-mundo","22":"tag-news","23":"tag-noticias","24":"tag-noticias-principais","25":"tag-noticiasprincipais","26":"tag-principais-noticias","27":"tag-principaisnoticias","28":"tag-top-stories","29":"tag-topstories","30":"tag-ultimas","31":"tag-ultimas-noticias","32":"tag-ultimasnoticias","33":"tag-world","34":"tag-world-news","35":"tag-worldnews"},"share_on_mastodon":{"url":"https:\/\/pubeurope.com\/@pt\/115503189543349092","error":""},"_links":{"self":[{"href":"https:\/\/www.europesays.com\/pt\/wp-json\/wp\/v2\/posts\/141747","targetHints":{"allow":["GET"]}}],"collection":[{"href":"https:\/\/www.europesays.com\/pt\/wp-json\/wp\/v2\/posts"}],"about":[{"href":"https:\/\/www.europesays.com\/pt\/wp-json\/wp\/v2\/types\/post"}],"author":[{"embeddable":true,"href":"https:\/\/www.europesays.com\/pt\/wp-json\/wp\/v2\/users\/2"}],"replies":[{"embeddable":true,"href":"https:\/\/www.europesays.com\/pt\/wp-json\/wp\/v2\/comments?post=141747"}],"version-history":[{"count":0,"href":"https:\/\/www.europesays.com\/pt\/wp-json\/wp\/v2\/posts\/141747\/revisions"}],"wp:featuredmedia":[{"embeddable":true,"href":"https:\/\/www.europesays.com\/pt\/wp-json\/wp\/v2\/media\/141748"}],"wp:attachment":[{"href":"https:\/\/www.europesays.com\/pt\/wp-json\/wp\/v2\/media?parent=141747"}],"wp:term":[{"taxonomy":"category","embeddable":true,"href":"https:\/\/www.europesays.com\/pt\/wp-json\/wp\/v2\/categories?post=141747"},{"taxonomy":"post_tag","embeddable":true,"href":"https:\/\/www.europesays.com\/pt\/wp-json\/wp\/v2\/tags?post=141747"}],"curies":[{"name":"wp","href":"https:\/\/api.w.org\/{rel}","templated":true}]}}