{"id":141750,"date":"2025-11-06T14:20:33","date_gmt":"2025-11-06T14:20:33","guid":{"rendered":"https:\/\/www.europesays.com\/pt\/141750\/"},"modified":"2025-11-06T14:20:33","modified_gmt":"2025-11-06T14:20:33","slug":"ordem-dos-advogados-considera-inadmissivel-recusa-de-prazo-para-oficioso-consultar-processo","status":"publish","type":"post","link":"https:\/\/www.europesays.com\/pt\/141750\/","title":{"rendered":"Ordem dos Advogados considera inadmiss\u00edvel recusa de prazo para oficioso consultar processo"},"content":{"rendered":"<p>A Ordem dos Advogados considerou esta quarta-feira, 5 de novembro, inadmiss\u00edvel que o tribunal tenha negado ao advogado oficioso atribu\u00eddo a Jos\u00e9 S\u00f3crates o prazo de 48 horas para consultar o processo, decis\u00e3o que classificou de \u201cgrave viola\u00e7\u00e3o do direito de defesa\u201d.<\/p>\n<p><strong>\u201cA Ordem considera inadmiss\u00edvel que a &#8216;pressa&#8217; se sobreponha \u00e0 justi\u00e7a, e repudia qualquer pr\u00e1tica judicial que transforme o direito de defesa numa mera formalidade\u201d<\/strong>, escreve o baston\u00e1rio, Jo\u00e3o Massano, em comunicado.  <\/p>\n<p>Em causa est\u00e1 uma decis\u00e3o da presidente do coletivo de ju\u00edzes no processo Opera\u00e7\u00e3o Marqu\u00eas, que negou, na ter\u00e7a-feira, um requerimento do advogado oficioso Jos\u00e9 Ramos, que pediu 48 horas para consultar o processo.  <\/p>\n<p>O requerimento foi rejeitado pela juiz Susana Seca com o argumento de que a Opera\u00e7\u00e3o Marqu\u00eas \u00e9 um processo urgente e de que o prazo seria &#8220;manifestamente insuficiente&#8221; para ficar a conhecer os autos.<\/p>\n<p><strong>\u201cA Ordem n\u00e3o pode deixar de exprimir o seu protesto por esta grave viola\u00e7\u00e3o do direito de defesa e a concomitante denega\u00e7\u00e3o de um elementar direito de um advogado a tomar conhecimento da mat\u00e9ria de cuja defesa \u00e9 incumbido\u201d<\/strong>, acrescenta o baston\u00e1rio da Ordem dos Advogados (OA).<\/p>\n<p>Lamentando que situa\u00e7\u00f5es semelhantes sejam cada vez mais frequentes, a Ordem sublinha que \u201ch\u00e1 linhas intranspon\u00edveis\u201d na garantia da celeridade processual e que a <strong>\u201cefetiva\u00e7\u00e3o da justi\u00e7a n\u00e3o se compadece com expedientes que sacrifiquem direitos fundamentais em nome de uma suposta efici\u00eancia\u201d<\/strong>.<\/p>\n<p>A recusa de conceder o m\u00ednimo de tempo necess\u00e1rio para o defensor oficioso preparar a sua interven\u00e7\u00e3o n\u00e3o s\u00f3 desrespeita o princ\u00edpio constitucional do contradit\u00f3rio e da igualdade de armas, como tamb\u00e9m atenta contra a dignidade do exerc\u00edcio da advocacia e o pr\u00f3prio Estado de Direito\u201d, acrescenta.<\/p>\n<p>O advogado oficioso Jos\u00e9 Ramos foi nomeado para representar Jos\u00e9 S\u00f3crates na Opera\u00e7\u00e3o Marqu\u00eas, depois de o advogado que acompanhava o antigo primeiro-ministro desde que foi detido, em novembro de 2014, ter renunciado ao mandato na ter\u00e7a-feira.<\/p>\n<p>Pedro Delille justificou a decis\u00e3o com &#8220;raz\u00f5es deontol\u00f3gicas&#8221; e falando num &#8220;simulacro de julgamento&#8221;.<\/p>\n","protected":false},"excerpt":{"rendered":"A Ordem dos Advogados considerou esta quarta-feira, 5 de novembro, inadmiss\u00edvel que o tribunal tenha negado ao advogado&hellip;\n","protected":false},"author":2,"featured_media":141751,"comment_status":"","ping_status":"","sticky":false,"template":"","format":"standard","meta":{"footnotes":""},"categories":[8],"tags":[27,28,15,16,14,16189,25,26,21,22,12,13,19,20,16190,10703,32,23,24,33,17,18,29,30,31],"class_list":{"0":"post-141750","1":"post","2":"type-post","3":"status-publish","4":"format-standard","5":"has-post-thumbnail","7":"category-principais-noticias","8":"tag-breaking-news","9":"tag-breakingnews","10":"tag-featured-news","11":"tag-featurednews","12":"tag-headlines","13":"tag-jose-socrates","14":"tag-latest-news","15":"tag-latestnews","16":"tag-main-news","17":"tag-mainnews","18":"tag-news","19":"tag-noticias","20":"tag-noticias-principais","21":"tag-noticiasprincipais","22":"tag-operacao-marques","23":"tag-ordem-dos-advogados","24":"tag-portugal","25":"tag-principais-noticias","26":"tag-principaisnoticias","27":"tag-pt","28":"tag-top-stories","29":"tag-topstories","30":"tag-ultimas","31":"tag-ultimas-noticias","32":"tag-ultimasnoticias"},"share_on_mastodon":{"url":"https:\/\/pubeurope.com\/@pt\/115503197490835602","error":""},"_links":{"self":[{"href":"https:\/\/www.europesays.com\/pt\/wp-json\/wp\/v2\/posts\/141750","targetHints":{"allow":["GET"]}}],"collection":[{"href":"https:\/\/www.europesays.com\/pt\/wp-json\/wp\/v2\/posts"}],"about":[{"href":"https:\/\/www.europesays.com\/pt\/wp-json\/wp\/v2\/types\/post"}],"author":[{"embeddable":true,"href":"https:\/\/www.europesays.com\/pt\/wp-json\/wp\/v2\/users\/2"}],"replies":[{"embeddable":true,"href":"https:\/\/www.europesays.com\/pt\/wp-json\/wp\/v2\/comments?post=141750"}],"version-history":[{"count":0,"href":"https:\/\/www.europesays.com\/pt\/wp-json\/wp\/v2\/posts\/141750\/revisions"}],"wp:featuredmedia":[{"embeddable":true,"href":"https:\/\/www.europesays.com\/pt\/wp-json\/wp\/v2\/media\/141751"}],"wp:attachment":[{"href":"https:\/\/www.europesays.com\/pt\/wp-json\/wp\/v2\/media?parent=141750"}],"wp:term":[{"taxonomy":"category","embeddable":true,"href":"https:\/\/www.europesays.com\/pt\/wp-json\/wp\/v2\/categories?post=141750"},{"taxonomy":"post_tag","embeddable":true,"href":"https:\/\/www.europesays.com\/pt\/wp-json\/wp\/v2\/tags?post=141750"}],"curies":[{"name":"wp","href":"https:\/\/api.w.org\/{rel}","templated":true}]}}