{"id":141769,"date":"2025-11-06T14:39:18","date_gmt":"2025-11-06T14:39:18","guid":{"rendered":"https:\/\/www.europesays.com\/pt\/141769\/"},"modified":"2025-11-06T14:39:18","modified_gmt":"2025-11-06T14:39:18","slug":"cristina-ferreira-sai-maria-botelho-moniz-assume-e-casa-dos-segredos-10-ja-tem-data-definida","status":"publish","type":"post","link":"https:\/\/www.europesays.com\/pt\/141769\/","title":{"rendered":"Cristina Ferreira sai, Maria Botelho Moniz assume e \u201cCasa dos Segredos 10\u201d j\u00e1 tem data definida"},"content":{"rendered":"<p><a href=\"https:\/\/tvi.iol.pt\/\" rel=\"nofollow noopener\" target=\"_blank\">TVI<\/a> prepara revolu\u00e7\u00e3o na Malveira: Cristina Ferreira sai, Maria Botelho Moniz assume e \u201cCasa dos Segredos 10\u201d j\u00e1 tem data definida, segundo foi revelado.<\/p>\n<p>TVI muda planos: \u201cCasa dos Segredos 10\u201d vai substituir o \u201cBig Brother\u201d<\/p>\n<p>A TVI prepara uma grande transforma\u00e7\u00e3o nos seus reality shows e o espa\u00e7o da <strong>Malveira<\/strong> vai ser o centro dessa mudan\u00e7a.<br \/>Depois do sucesso da <strong>\u201cCasa dos Segredos 9\u201d<\/strong>, o canal decidiu alterar a estrat\u00e9gia para 2026. Em vez do regresso do \u201cBig Brother\u201d, ser\u00e1 a <strong>\u201cCasa dos Segredos 10\u201d<\/strong> a ocupar o hor\u00e1rio nobre da esta\u00e7\u00e3o, numa edi\u00e7\u00e3o especial que marcar\u00e1 o <strong>33.\u00ba anivers\u00e1rio da TVI<\/strong>.<\/p>\n<p>De acordo com a <strong>TV Guia<\/strong>, as inscri\u00e7\u00f5es abriram no dia <strong>2 de novembro<\/strong>, e a nova edi\u00e7\u00e3o promete grandes surpresas, novos rostos e um formato renovado.<\/p>\n<p>Jos\u00e9 Eduardo Moniz quer renovar a Malveira<\/p>\n<p>Fontes ligadas ao canal revelam que o diretor-geral <strong>Jos\u00e9 Eduardo Moniz<\/strong> pretende apostar em obras profundas na mans\u00e3o da Malveira, que h\u00e1 mais de um ano n\u00e3o sofre altera\u00e7\u00f5es significativas.<br \/>A ideia inicial passava por concretizar as remodela\u00e7\u00f5es no in\u00edcio de 2026, com o regresso do \u201cBig Brother\u201d em fevereiro. No entanto, o plano foi revisto e adiado para o ver\u00e3o.<\/p>\n<p>A decis\u00e3o surge depois de uma sequ\u00eancia de bons resultados. O <strong>\u201cBig Brother Ver\u00e3o\u201d<\/strong> e a <strong>\u201cCasa dos Segredos 9\u201d<\/strong> ajudaram o canal a recuperar terreno nas audi\u00eancias, com outubro a fechar na lideran\u00e7a.<\/p>\n<p>Cristina Ferreira vai finalmente de f\u00e9rias<\/p>\n<p>Com o adiamento das obras, o novo ano televisivo arranca com o regresso de um formato muito aguardado: o <strong>\u201cDesafio Final\u201d<\/strong>, que estreia j\u00e1 no in\u00edcio de 2026.<br \/>A produ\u00e7\u00e3o vai servir como ponte entre formatos e, sobretudo, para permitir que <strong>Cristina Ferreira<\/strong> tire as <strong>f\u00e9rias h\u00e1 muito adiadas<\/strong>.<\/p>\n<p>Durante a sua aus\u00eancia, a TVI aposta tudo em <strong>Maria Botelho Moniz<\/strong>, que regressa ao comando de um reality show depois do sucesso de <strong>\u201cBig Brother Ver\u00e3o\u201d<\/strong>.<\/p>\n<p>\u201cMaria est\u00e1 muito entusiasmada\u201d<\/p>\n<p>Segundo uma fonte pr\u00f3xima citada pela <strong>TV Guia<\/strong>, a apresentadora est\u00e1 feliz com o regresso:<br \/><strong>\u201cMaria est\u00e1 muito entusiasmada. Gosta muito de trabalhar e adora o registo reality show.\u201d<\/strong><\/p>\n<p>Entretanto, tem aproveitado a pausa televisiva para dedicar-se \u00e0 vida pessoal, ao <strong>filho Vicente<\/strong>, que completa dois anos a <strong>17 de novembro<\/strong>, e ao <strong>noivo Pedro Bianchi Prata<\/strong>.<\/p>\n<p>De acordo com a mesma publica\u00e7\u00e3o, <strong>Maria chegou a ser ponderada para a \u2018Casa dos Segredos 9\u2019<\/strong>, mas <strong>Jos\u00e9 Eduardo Moniz<\/strong> preferiu deix\u00e1-la descansar antes do grande regresso ao hor\u00e1rio nobre.<\/p>\n<p>Cl\u00e1udio Ramos regressa, mas s\u00f3 depois do ver\u00e3o<\/p>\n<p>Por sua vez, <strong>Cl\u00e1udio Ramos<\/strong> vai ter de esperar um pouco mais para voltar aos reality shows.<br \/>O \u201cBig Brother\u201d, um dos formatos mais rent\u00e1veis da TVI, <strong>ficar\u00e1 em pausa at\u00e9 ao final das obras<\/strong>, com a nova temporada prevista apenas para <strong>depois do ver\u00e3o de 2026<\/strong>.<\/p>\n<p>Nos bastidores, fala-se que <strong>Moniz<\/strong> e a sua equipa est\u00e3o a avaliar um formato semelhante ao <strong>\u201cBBB\u201d brasileiro<\/strong>, que junta concorrentes an\u00f3nimos e figuras p\u00fablicas \u2014 uma f\u00f3rmula que tem sido um sucesso e que pode vir a ser testada em Portugal.<\/p>\n<p>Cl\u00e1udio Ramos manter-se-\u00e1 como apresentador do programa, mas com tempo para recarregar energias.<\/p>\n<p><a href=\"https:\/\/news.google.com\/publications\/CAAqBwgKMKfIoAswtNK4Aw\" target=\"_blank\" rel=\"noopener noreferrer nofollow\"><img loading=\"lazy\" data-lazyloaded=\"1\" width=\"481\" height=\"161\" decoding=\"async\" src=\"\/wp-content\/uploads\/2024\/02\/GN_siganos.png\" alt=\"Siga-nos no Google News\" style=\"margin-top:20px;\"\/><\/a><\/p>\n","protected":false},"excerpt":{"rendered":"TVI prepara revolu\u00e7\u00e3o na Malveira: Cristina Ferreira sai, Maria Botelho Moniz assume e \u201cCasa dos Segredos 10\u201d j\u00e1&hellip;\n","protected":false},"author":2,"featured_media":141770,"comment_status":"","ping_status":"","sticky":false,"template":"","format":"standard","meta":{"footnotes":""},"categories":[142],"tags":[2632,329,166,114,115,338,32,33,151,162],"class_list":{"0":"post-141769","1":"post","2":"type-post","3":"status-publish","4":"format-standard","5":"has-post-thumbnail","7":"category-tv","8":"tag-casa-dos-segredos","9":"tag-claudio-ramos","10":"tag-cristina-ferreira","11":"tag-entertainment","12":"tag-entretenimento","13":"tag-maria-botelho-moniz","14":"tag-portugal","15":"tag-pt","16":"tag-tv","17":"tag-tvi"},"share_on_mastodon":{"url":"https:\/\/pubeurope.com\/@pt\/115503272191135469","error":""},"_links":{"self":[{"href":"https:\/\/www.europesays.com\/pt\/wp-json\/wp\/v2\/posts\/141769","targetHints":{"allow":["GET"]}}],"collection":[{"href":"https:\/\/www.europesays.com\/pt\/wp-json\/wp\/v2\/posts"}],"about":[{"href":"https:\/\/www.europesays.com\/pt\/wp-json\/wp\/v2\/types\/post"}],"author":[{"embeddable":true,"href":"https:\/\/www.europesays.com\/pt\/wp-json\/wp\/v2\/users\/2"}],"replies":[{"embeddable":true,"href":"https:\/\/www.europesays.com\/pt\/wp-json\/wp\/v2\/comments?post=141769"}],"version-history":[{"count":0,"href":"https:\/\/www.europesays.com\/pt\/wp-json\/wp\/v2\/posts\/141769\/revisions"}],"wp:featuredmedia":[{"embeddable":true,"href":"https:\/\/www.europesays.com\/pt\/wp-json\/wp\/v2\/media\/141770"}],"wp:attachment":[{"href":"https:\/\/www.europesays.com\/pt\/wp-json\/wp\/v2\/media?parent=141769"}],"wp:term":[{"taxonomy":"category","embeddable":true,"href":"https:\/\/www.europesays.com\/pt\/wp-json\/wp\/v2\/categories?post=141769"},{"taxonomy":"post_tag","embeddable":true,"href":"https:\/\/www.europesays.com\/pt\/wp-json\/wp\/v2\/tags?post=141769"}],"curies":[{"name":"wp","href":"https:\/\/api.w.org\/{rel}","templated":true}]}}