{"id":141775,"date":"2025-11-06T14:48:08","date_gmt":"2025-11-06T14:48:08","guid":{"rendered":"https:\/\/www.europesays.com\/pt\/141775\/"},"modified":"2025-11-06T14:48:08","modified_gmt":"2025-11-06T14:48:08","slug":"cientista-do-porto-recebe-bolsa-de-dez-milhoes-de-euros-para-estudar-envelhecimento","status":"publish","type":"post","link":"https:\/\/www.europesays.com\/pt\/141775\/","title":{"rendered":"Cientista do Porto recebe bolsa de dez milh\u00f5es de euros para estudar envelhecimento"},"content":{"rendered":"<p data-remotead-prev-elm=\"true\" data-remotead-elm-id=\"inread\">Ao lado de dois cientistas franceses, a respons\u00e1vel, de 53 anos, natural de Le\u00e7a da Palmeira, em Matosinhos, vai receber dez milh\u00f5es de euros de financiamento europeu, atrav\u00e9s da ERC Synergy Grant, uma das bolsas mais prestigiadas da Uni\u00e3o Europeia. Cada investigador receber\u00e1 3,33 milh\u00f5es de euros para estudar, nos pr\u00f3ximos seis anos, os centr\u00f3meros e promover uma mudan\u00e7a na investiga\u00e7\u00e3o sobre o decl\u00ednio biol\u00f3gico. <strong>A meta \u00e9 travar, tanto quanto poss\u00edvel, a deteriora\u00e7\u00e3o do corpo humano<\/strong>.<\/p>\n","protected":false},"excerpt":{"rendered":"Ao lado de dois cientistas franceses, a respons\u00e1vel, de 53 anos, natural de Le\u00e7a da Palmeira, em Matosinhos,&hellip;\n","protected":false},"author":2,"featured_media":141776,"comment_status":"","ping_status":"","sticky":false,"template":"","format":"standard","meta":{"footnotes":""},"categories":[10],"tags":[31421,27,28,109,1490,15,16,14,7304,31422,25,26,21,22,619,12,13,19,20,32,23,24,33,17,18,29,30,31],"class_list":{"0":"post-141775","1":"post","2":"type-post","3":"status-publish","4":"format-standard","5":"has-post-thumbnail","7":"category-portugal","8":"tag-bolsa-de-estudo","9":"tag-breaking-news","10":"tag-breakingnews","11":"tag-ciencia","12":"tag-envelhecimento","13":"tag-featured-news","14":"tag-featurednews","15":"tag-headlines","16":"tag-i3s","17":"tag-investigacao-medica","18":"tag-latest-news","19":"tag-latestnews","20":"tag-main-news","21":"tag-mainnews","22":"tag-nacional","23":"tag-news","24":"tag-noticias","25":"tag-noticias-principais","26":"tag-noticiasprincipais","27":"tag-portugal","28":"tag-principais-noticias","29":"tag-principaisnoticias","30":"tag-pt","31":"tag-top-stories","32":"tag-topstories","33":"tag-ultimas","34":"tag-ultimas-noticias","35":"tag-ultimasnoticias"},"share_on_mastodon":{"url":"https:\/\/pubeurope.com\/@pt\/115503307561157529","error":""},"_links":{"self":[{"href":"https:\/\/www.europesays.com\/pt\/wp-json\/wp\/v2\/posts\/141775","targetHints":{"allow":["GET"]}}],"collection":[{"href":"https:\/\/www.europesays.com\/pt\/wp-json\/wp\/v2\/posts"}],"about":[{"href":"https:\/\/www.europesays.com\/pt\/wp-json\/wp\/v2\/types\/post"}],"author":[{"embeddable":true,"href":"https:\/\/www.europesays.com\/pt\/wp-json\/wp\/v2\/users\/2"}],"replies":[{"embeddable":true,"href":"https:\/\/www.europesays.com\/pt\/wp-json\/wp\/v2\/comments?post=141775"}],"version-history":[{"count":0,"href":"https:\/\/www.europesays.com\/pt\/wp-json\/wp\/v2\/posts\/141775\/revisions"}],"wp:featuredmedia":[{"embeddable":true,"href":"https:\/\/www.europesays.com\/pt\/wp-json\/wp\/v2\/media\/141776"}],"wp:attachment":[{"href":"https:\/\/www.europesays.com\/pt\/wp-json\/wp\/v2\/media?parent=141775"}],"wp:term":[{"taxonomy":"category","embeddable":true,"href":"https:\/\/www.europesays.com\/pt\/wp-json\/wp\/v2\/categories?post=141775"},{"taxonomy":"post_tag","embeddable":true,"href":"https:\/\/www.europesays.com\/pt\/wp-json\/wp\/v2\/tags?post=141775"}],"curies":[{"name":"wp","href":"https:\/\/api.w.org\/{rel}","templated":true}]}}