{"id":141781,"date":"2025-11-06T14:53:17","date_gmt":"2025-11-06T14:53:17","guid":{"rendered":"https:\/\/www.europesays.com\/pt\/141781\/"},"modified":"2025-11-06T14:53:17","modified_gmt":"2025-11-06T14:53:17","slug":"marisa-da-dica-a-pedro-jorge-sobre-o-jogo","status":"publish","type":"post","link":"https:\/\/www.europesays.com\/pt\/141781\/","title":{"rendered":"Marisa d\u00e1 &#8220;dica&#8221; a Pedro Jorge sobre o jogo"},"content":{"rendered":"<p>\t\t\t\t\t\t\t\t\t\t\t\t\t\tMarisa e Pedro Jorge resolveram as suas desaven\u00e7as com um almo\u00e7o a s\u00f3s, na \u201cCasa dos Segredos\u201d.<\/p>\n<p>Depois da tempestade veio mesmo a bonan\u00e7a e os pombinhos parecem mais pr\u00f3ximos e unidos que nunca.<\/p>\n<p>Esta quarta-feira, 5 de novembro, Marisa acabou por aconselhar o marido sobre o seu jogo: <strong>\u201cN\u00e3o precisas de estar no mesmo registo, mas eu gosto de ver que eles te ataquem\u201d<\/strong>.<\/p>\n<p>O concorrente reagiu: <strong>\u201cMas eu tamb\u00e9m n\u00e3o posso estar nesse registo sempre\u201d<\/strong>.<\/p>\n<p>No entanto, Marisa esclareceu: <strong>\u201cEu gosto mais de te ver assim, mas isso n\u00e3o \u00e9 bom para o jogo. Eu gosto que tu cries discuss\u00e3o. V\u00ea l\u00e1, se tu quiseres continuar a fazer o jogo que estavas a fazer antes, faz\u201d<\/strong>.<\/p>\n<p><a href=\"https:\/\/x.com\/zer0fuckszgiven\/status\/1986127990997103033\" rel=\"nofollow\">Veja aqui o v\u00eddeo.<\/a><\/p>\n","protected":false},"excerpt":{"rendered":"Marisa e Pedro Jorge resolveram as suas desaven\u00e7as com um almo\u00e7o a s\u00f3s, na \u201cCasa dos Segredos\u201d. Depois&hellip;\n","protected":false},"author":2,"featured_media":141782,"comment_status":"","ping_status":"","sticky":false,"template":"","format":"standard","meta":{"footnotes":""},"categories":[142],"tags":[114,115,31423,19184,21416,32,33,16686,151,162],"class_list":{"0":"post-141781","1":"post","2":"type-post","3":"status-publish","4":"format-standard","5":"has-post-thumbnail","7":"category-tv","8":"tag-entertainment","9":"tag-entretenimento","10":"tag-estratu00e9gia","11":"tag-marisa","12":"tag-pedro-jorge","13":"tag-portugal","14":"tag-pt","15":"tag-secret-story-9","16":"tag-tv","17":"tag-tvi"},"share_on_mastodon":{"url":"https:\/\/pubeurope.com\/@pt\/115503327046121157","error":""},"_links":{"self":[{"href":"https:\/\/www.europesays.com\/pt\/wp-json\/wp\/v2\/posts\/141781","targetHints":{"allow":["GET"]}}],"collection":[{"href":"https:\/\/www.europesays.com\/pt\/wp-json\/wp\/v2\/posts"}],"about":[{"href":"https:\/\/www.europesays.com\/pt\/wp-json\/wp\/v2\/types\/post"}],"author":[{"embeddable":true,"href":"https:\/\/www.europesays.com\/pt\/wp-json\/wp\/v2\/users\/2"}],"replies":[{"embeddable":true,"href":"https:\/\/www.europesays.com\/pt\/wp-json\/wp\/v2\/comments?post=141781"}],"version-history":[{"count":0,"href":"https:\/\/www.europesays.com\/pt\/wp-json\/wp\/v2\/posts\/141781\/revisions"}],"wp:featuredmedia":[{"embeddable":true,"href":"https:\/\/www.europesays.com\/pt\/wp-json\/wp\/v2\/media\/141782"}],"wp:attachment":[{"href":"https:\/\/www.europesays.com\/pt\/wp-json\/wp\/v2\/media?parent=141781"}],"wp:term":[{"taxonomy":"category","embeddable":true,"href":"https:\/\/www.europesays.com\/pt\/wp-json\/wp\/v2\/categories?post=141781"},{"taxonomy":"post_tag","embeddable":true,"href":"https:\/\/www.europesays.com\/pt\/wp-json\/wp\/v2\/tags?post=141781"}],"curies":[{"name":"wp","href":"https:\/\/api.w.org\/{rel}","templated":true}]}}