{"id":141783,"date":"2025-11-06T14:56:11","date_gmt":"2025-11-06T14:56:11","guid":{"rendered":"https:\/\/www.europesays.com\/pt\/141783\/"},"modified":"2025-11-06T14:56:11","modified_gmt":"2025-11-06T14:56:11","slug":"portugal-u17-x-marrocos-sub-17-maisfutebol","status":"publish","type":"post","link":"https:\/\/www.europesays.com\/pt\/141783\/","title":{"rendered":"Portugal U17 X Marrocos Sub-17 &#8211; Maisfutebol"},"content":{"rendered":"<ol>\n<li><a href=\"https:\/\/news.google.com\/rss\/articles\/CBMihAFBVV95cUxPX1FSYjRLX3VVTTZJRnMtTzlRbGZCNVdoS09WSm1PdDlublF4TkxkbEpvUm9TSk1qU1RRSFdxOUJfT00zcXZTVHF5RGU3a2xzLTItbXRKczRfR1FYdndfR0NBUldJNUI1NHlOVWdtcjlQSDRvV3pUcHBES3lneGdQLXJtVjg?oc=5\" target=\"_blank\" rel=\"nofollow noopener\">Portugal U17 X Marrocos Sub-17<\/a>&nbsp;&nbsp;Maisfutebol<\/li>\n<li><a href=\"https:\/\/news.google.com\/rss\/articles\/CBMigAFBVV95cUxNQzMxNDVkN2lrYVFWMy1yRlNGS0VvSTVCSEQ5M096THVsMUd1UGE1U2h0TGIzQmRTTVlpRGF1aW1xNVMyODNPVl9vWXJVd1hFWjIzMzZZWXYwY2t1b1UyaVcxTnpRWnlEWVFqYVV1SXVBNTNndTI3bkdpbXZxc1pVNg?oc=5\" target=\"_blank\" rel=\"nofollow noopener\">Liveblog Portugal U17 vs Morocco U17 novembro 2025<\/a>&nbsp;&nbsp;A Bola<\/li>\n<li><a href=\"https:\/\/news.google.com\/rss\/articles\/CBMivAFBVV95cUxOTHdBQmlaME5SZVZodi1nODBWNUZtWFpiLW9MZmVtYTlUamFfWGdCSEtsd0lvSUNYZTRKOC1WSE1tQUp0XzNXa0RrSzNDemRHTzJYTmdFNDNST19xYUhVeWtwNTVVNXFSVjFjU3pYNFFVSHZVNXdRbTRJbXhUV0g4Zm9nMDlDdUtMUm1Cd1kyRUlhelFwdzNnWWlaekJFSVl4cERqNHA4bzh3c0hqeVF2akpHVm9IdWsxWkhtXw?oc=5\" target=\"_blank\" rel=\"nofollow noopener\">Mundial sub-17: Bino Ma\u00e7\u00e3es com &#8220;ambi\u00e7\u00e3o&#8221; espera Marrocos &#8220;pressionado&#8221;<\/a>&nbsp;&nbsp;RTP<\/li>\n<li><a href=\"https:\/\/news.google.com\/rss\/articles\/CBMiuwFBVV95cUxPQUxGQTNucXFiS2VTM2VNV0pxRzc3WmItVlhuQ1gyYmpWYXJMUUtpRDF5RlJFMmFxVWhxb05XYVJXLUNJaUtMX1dfZmZQRGs5N21xYUZPM2VQXzZQUlp4bFBpR2x1dVNwNmRvRVFFWnBsemFxTkZMTDY3c25fbWctYlVpbmczellPNVRhbEJnakNMQWgwUmF0SUZjZnQ1aDA2bWx0Q2szVGI2dEhDUlNmV1RCQ2JvWWE5aGhN?oc=5\" target=\"_blank\" rel=\"nofollow noopener\">Veja os resultados desta segunda-feira (3) da Copa do Mundo Sub-17<\/a>&nbsp;&nbsp;MSN<\/li>\n<li><a href=\"https:\/\/news.google.com\/rss\/articles\/CBMirAFBVV95cUxNTzIyY0E3NVk0R1RKbld6T1g4NEtlM0NLSWp5MXhOWlJkUHVUQVp6aEZMa0dqQ0hXakNGa3Fzc2dTT0dDaXd0bEtxWFhMMTlTWExmZml6Q0F5bHFOOHlaTndXMW12RG56dFFkWWVaWDhNci1OSDU2VVhRSHFxb1lLMk9HS3ZHTTVoM1NZMHdiVi1jLXJSUkctRnl6cnBlMW9EVGZPVmJ3Wk5hS1p40gGyAUFVX3lxTE1ubjUyNjVhblI4TjRURlhuSjZtUk1JejRRMjRtdnFXdjA2N0ZDQTJhYV9ZYWZ5LTAwVTBNQnozWV95YUlXYlUzUmNiVmxlZ3lzVHZqOFh2bGdPZjBpQVdZM1kySHZ5RHNhNUYtRFZweENiX2RlTG9ZYU1aUm80LXNpbDNCUXJiNC1ZUmpWWFZMXzBSQ3VkLVMyS0R3VllSd3VHSEN1aUstTVhHLWR1M1VjYVE?oc=5\" target=\"_blank\" rel=\"nofollow noopener\">Portugal no Mundial sub-17: \u00abMarrocos criar\u00e1 muitos problemas\u00bb<\/a>&nbsp;&nbsp;Maisfutebol<\/li>\n<\/ol>\n","protected":false},"excerpt":{"rendered":"Portugal U17 X Marrocos Sub-17&nbsp;&nbsp;Maisfutebol Liveblog Portugal U17 vs Morocco U17 novembro 2025&nbsp;&nbsp;A Bola Mundial sub-17: Bino Ma\u00e7\u00e3es&hellip;\n","protected":false},"author":2,"featured_media":23772,"comment_status":"","ping_status":"","sticky":false,"template":"","format":"standard","meta":{"footnotes":""},"categories":[87],"tags":[135,31425,32,31424,33,47,134],"class_list":{"0":"post-141783","1":"post","2":"type-post","3":"status-publish","4":"format-standard","5":"has-post-thumbnail","7":"category-desporto","8":"tag-desporto","9":"tag-marrocos-sub-17","10":"tag-portugal","11":"tag-portugal-u17","12":"tag-pt","13":"tag-pura-paixao","14":"tag-sports"},"share_on_mastodon":{"url":"https:\/\/pubeurope.com\/@pt\/115503338935329397","error":""},"_links":{"self":[{"href":"https:\/\/www.europesays.com\/pt\/wp-json\/wp\/v2\/posts\/141783","targetHints":{"allow":["GET"]}}],"collection":[{"href":"https:\/\/www.europesays.com\/pt\/wp-json\/wp\/v2\/posts"}],"about":[{"href":"https:\/\/www.europesays.com\/pt\/wp-json\/wp\/v2\/types\/post"}],"author":[{"embeddable":true,"href":"https:\/\/www.europesays.com\/pt\/wp-json\/wp\/v2\/users\/2"}],"replies":[{"embeddable":true,"href":"https:\/\/www.europesays.com\/pt\/wp-json\/wp\/v2\/comments?post=141783"}],"version-history":[{"count":0,"href":"https:\/\/www.europesays.com\/pt\/wp-json\/wp\/v2\/posts\/141783\/revisions"}],"wp:featuredmedia":[{"embeddable":true,"href":"https:\/\/www.europesays.com\/pt\/wp-json\/wp\/v2\/media\/23772"}],"wp:attachment":[{"href":"https:\/\/www.europesays.com\/pt\/wp-json\/wp\/v2\/media?parent=141783"}],"wp:term":[{"taxonomy":"category","embeddable":true,"href":"https:\/\/www.europesays.com\/pt\/wp-json\/wp\/v2\/categories?post=141783"},{"taxonomy":"post_tag","embeddable":true,"href":"https:\/\/www.europesays.com\/pt\/wp-json\/wp\/v2\/tags?post=141783"}],"curies":[{"name":"wp","href":"https:\/\/api.w.org\/{rel}","templated":true}]}}