{"id":141784,"date":"2025-11-06T14:57:15","date_gmt":"2025-11-06T14:57:15","guid":{"rendered":"https:\/\/www.europesays.com\/pt\/141784\/"},"modified":"2025-11-06T14:57:15","modified_gmt":"2025-11-06T14:57:15","slug":"campanha-de-vacinacao-avanca-em-coimbra-com-mais-de-71-mil-vacinas-contra-a-gripe-e-44-mil-contra-a-covid-19-campeao-das-provincias","status":"publish","type":"post","link":"https:\/\/www.europesays.com\/pt\/141784\/","title":{"rendered":"Campanha de vacina\u00e7\u00e3o avan\u00e7a em Coimbra com mais de 71 mil vacinas contra a gripe e 44 mil contra a covid-19 \u2013 Campe\u00e3o das Prov\u00edncias"},"content":{"rendered":"<p>A Unidade Local de Sa\u00fade (ULS) de Coimbra lan\u00e7ou um novo apelo \u00e0 popula\u00e7\u00e3o para refor\u00e7ar a vacina\u00e7\u00e3o contra a gripe e a covid-19, num momento em que a campanha sazonal 2025\/2026 regista uma ades\u00e3o crescente, mas ainda aqu\u00e9m do desej\u00e1vel em alguns grupos de risco.<\/p>\n<p>At\u00e9 ao dia 2 de Novembro, j\u00e1 foram vacinadas 71.201 pessoas contra a gripe e 43.840 contra a covid-19, abrangendo sobretudo utentes com 60 ou mais anos, doentes cr\u00f3nicos, profissionais de sa\u00fade e outros grupos priorit\u00e1rios. S\u00f3 na \u00faltima semana, 10.928 vacinas contra a gripe e 6.645 contra a covid-19 foram administradas em toda a regi\u00e3o de Coimbra.<\/p>\n<p>\u201cA vacina\u00e7\u00e3o continua a ser a forma mais eficaz de prevenir formas graves de doen\u00e7a e hospitaliza\u00e7\u00f5es, sobretudo entre as pessoas mais vulner\u00e1veis. Refor\u00e7amos o apelo a todos os cidad\u00e3os eleg\u00edveis para que se vacinem o quanto antes\u201d, sublinha Cl\u00e1udia Nazareth, Directora Cl\u00ednica para os Cuidados Hospitalares da ULS de Coimbra.<\/p>\n<p>Actualmente, mais de metade das pessoas com 65 anos ou mais (51,6%) j\u00e1 receberam a vacina contra a gripe, enquanto cerca de um ter\u00e7o (33,4%) foram vacinadas contra a covid-19. As coberturas s\u00e3o mais elevadas entre os utentes com mais de 80 anos, reflectindo uma boa resposta deste grupo et\u00e1rio.<\/p>\n<p>A campanha decorre nos centros de sa\u00fade da ULS de Coimbra e em farm\u00e1cias comunit\u00e1rias aderentes, numa parceria que tem permitido alargar o acesso e garantir maior comodidade aos utentes. S\u00f3 nas farm\u00e1cias, foram administradas mais de 32 mil vacinas contra a gripe e 20 mil contra a covid-19.<\/p>\n<p>A vacina\u00e7\u00e3o \u00e9 gratuita para os grupos eleg\u00edveis e n\u00e3o requer marca\u00e7\u00e3o pr\u00e9via nos centros de sa\u00fade. A ULS recorda ainda que \u00e9 poss\u00edvel receber simultaneamente as vacinas contra a gripe e a covid-19, de forma segura e eficaz.<\/p>\n<p>\u201c\u00c9 fundamental que cada pessoa eleg\u00edvel se proteja, por si, pela sua fam\u00edlia e pela comunidade. A vacina\u00e7\u00e3o \u00e9 um acto de responsabilidade individual e colectiva\u201d, refor\u00e7a Almerinda Rodrigues, Directora Cl\u00ednica para os Cuidados de Sa\u00fade Prim\u00e1rios da ULS de Coimbra.<\/p>\n<p>A institui\u00e7\u00e3o assegura que continuar\u00e1 a acompanhar semanalmente o progresso da campanha e a promover ac\u00e7\u00f5es de sensibiliza\u00e7\u00e3o junto da popula\u00e7\u00e3o e das institui\u00e7\u00f5es parceiras, com o objectivo de aumentar a cobertura vacinal at\u00e9 ao final do Inverno.<\/p>\n<p>\u00a0<\/p>\n","protected":false},"excerpt":{"rendered":"A Unidade Local de Sa\u00fade (ULS) de Coimbra lan\u00e7ou um novo apelo \u00e0 popula\u00e7\u00e3o para refor\u00e7ar a vacina\u00e7\u00e3o&hellip;\n","protected":false},"author":2,"featured_media":141785,"comment_status":"","ping_status":"","sticky":false,"template":"","format":"standard","meta":{"footnotes":""},"categories":[86],"tags":[260,15620,1911,315,135,90,116,834,13,52,32,33,117,58],"class_list":{"0":"post-141784","1":"post","2":"type-post","3":"status-publish","4":"format-standard","5":"has-post-thumbnail","7":"category-saude","8":"tag-atualidade","9":"tag-campeao-das-provincias","10":"tag-coimbra","11":"tag-cultura","12":"tag-desporto","13":"tag-empresas","14":"tag-health","15":"tag-negocios","16":"tag-noticias","17":"tag-politica","18":"tag-portugal","19":"tag-pt","20":"tag-saude","21":"tag-sociedade"},"share_on_mastodon":{"url":"https:\/\/pubeurope.com\/@pt\/115503342842288665","error":""},"_links":{"self":[{"href":"https:\/\/www.europesays.com\/pt\/wp-json\/wp\/v2\/posts\/141784","targetHints":{"allow":["GET"]}}],"collection":[{"href":"https:\/\/www.europesays.com\/pt\/wp-json\/wp\/v2\/posts"}],"about":[{"href":"https:\/\/www.europesays.com\/pt\/wp-json\/wp\/v2\/types\/post"}],"author":[{"embeddable":true,"href":"https:\/\/www.europesays.com\/pt\/wp-json\/wp\/v2\/users\/2"}],"replies":[{"embeddable":true,"href":"https:\/\/www.europesays.com\/pt\/wp-json\/wp\/v2\/comments?post=141784"}],"version-history":[{"count":0,"href":"https:\/\/www.europesays.com\/pt\/wp-json\/wp\/v2\/posts\/141784\/revisions"}],"wp:featuredmedia":[{"embeddable":true,"href":"https:\/\/www.europesays.com\/pt\/wp-json\/wp\/v2\/media\/141785"}],"wp:attachment":[{"href":"https:\/\/www.europesays.com\/pt\/wp-json\/wp\/v2\/media?parent=141784"}],"wp:term":[{"taxonomy":"category","embeddable":true,"href":"https:\/\/www.europesays.com\/pt\/wp-json\/wp\/v2\/categories?post=141784"},{"taxonomy":"post_tag","embeddable":true,"href":"https:\/\/www.europesays.com\/pt\/wp-json\/wp\/v2\/tags?post=141784"}],"curies":[{"name":"wp","href":"https:\/\/api.w.org\/{rel}","templated":true}]}}