{"id":141790,"date":"2025-11-06T15:01:10","date_gmt":"2025-11-06T15:01:10","guid":{"rendered":"https:\/\/www.europesays.com\/pt\/141790\/"},"modified":"2025-11-06T15:01:10","modified_gmt":"2025-11-06T15:01:10","slug":"maior-treino-da-historia-polonia-quer-preparar-500-mil-voluntarios-para-cenario-de-guerra","status":"publish","type":"post","link":"https:\/\/www.europesays.com\/pt\/141790\/","title":{"rendered":"&#8220;Maior treino da hist\u00f3ria&#8221;. Pol\u00f3nia quer preparar 500 mil volunt\u00e1rios para cen\u00e1rio de guerra"},"content":{"rendered":"<p>                Com fronteira com a Ucr\u00e2nia, invadida pela R\u00fassia em 2022, a Pol\u00f3nia aumentou os gastos em Defesa e tornou-se a terceira maior for\u00e7a militar da Alian\u00e7a Atl\u00e2ntica, tendo cerca de 216 mil militares. Mas quer aumentar o n\u00famero de soldados em mais um ter\u00e7o na pr\u00f3xima d\u00e9cada.<\/p>\n<p>Nesse sentido, o Minist\u00e9rio polaco da Defesa anunciou que<b> vai iniciar, ainda este m\u00eas, um programa de treino militar volunt\u00e1rio e \u201caberto a todos os cidad\u00e3os polacos que desejarem participar\u201d \u2013 desde estudantes do Ensino B\u00e1sico e Secund\u00e1rio a adultos em idade ativa, empresas e at\u00e9 idosos.<\/b><\/p>\n<p>\u201cEstamos a come\u00e7ar um programa de treino integral de defesa volunt\u00e1ria\u201d, escreveu o ministro da Defesa da Pol\u00f3nia, nas redes sociais.<\/p>\n<p><b>\u201c\u00c9 um grande investimento na seguran\u00e7a da nossa p\u00e1tria\u201d<\/b>.<\/p>\n<blockquote class=\"instagram-media\" data-instgrm-permalink=\"https:\/\/www.instagram.com\/p\/DQtlo_skeUe\/?utm_source=ig_embed&amp;utm_campaign=loading\" data-instgrm-version=\"14\" style=\"background: #ffffff; border: 0px none; border-radius: 3px; box-shadow: rgba(0, 0, 0, 0.5) 0px 0px 1px 0px, rgba(0, 0, 0, 0.15) 0px 1px 10px 0px; margin: 1px; max-width: 540px; min-width: 326px; padding: 0px; width: calc(100% - 2px)\"><p>&#13;<br \/>\n\t&#13;\n<\/p><\/blockquote>\n<p><b>O chamado programa \u201cEm Prontid\u00e3o\u201d ser\u00e1, segundo Wladyslaw Kosiniak-Kamysz, o \u201cmaior treino de Defesa da hist\u00f3ria da Pol\u00f3nia\u201d<\/b> e prev\u00ea um curso b\u00e1sico de seguran\u00e7a, treino de sobreviv\u00eancia, instru\u00e7\u00f5es m\u00e9dicas e aulas de seguran\u00e7a cibern\u00e9tica. Os interessados podem inscrever-se nos cursos de instru\u00e7\u00e3o militar atrav\u00e9s de uma aplica\u00e7\u00e3o no telem\u00f3vel.<\/p>\n<p>Desde o in\u00edcio da guerra, &#8220;o povo da Ucr\u00e2nia adquiriu essas habilidades\u201d. Segundo o ministro polaco, <b>\u201cquando a guerra come\u00e7ou, essas habilidades para responder a uma situa\u00e7\u00e3o de crise n\u00e3o existiam\u201d e por isso acredita que a Pol\u00f3nia precisa de \u201cestar preparada para qualquer cen\u00e1rio&#8221;.<\/b><\/p>\n<p><b>&#8220;S\u00f3 em novembro e dezembro (&#8230;) vamos treinar cerca de 20 mil pessoas individualmente, mas o n\u00famero total, considerando todas as modalidades de treinamento, \u00e9 de aproximadamente 100 mil pessoas&#8221;<\/b>, declarou o vice-ministro da Defesa, Cezary Tomczyk, numa confer\u00eancia esta quinta-feira.<\/p>\n<p>O Minist\u00e9rio planeia treinar ainda 400 mil pessoa no pr\u00f3ximo ano \u201cindividualmente, em grupos, como parte do programa \u2018Educa\u00e7\u00e3o com o Ex\u00e9rcito\u2019, treino de reservistas e de servi\u00e7o militar volunt\u00e1rio\u201d.<b> O objetivo \u00e9 \u201cfortalecer a Defesa Nacional e a resili\u00eancia social\u201d.<\/b><\/p>\n<p>Na mesma confer\u00eancia, o chefe do Estado-Maior das For\u00e7as Armadas da Pol\u00f3nia esclareceu que este programa de treino volunt\u00e1rio pretende al\u00e9m de fortalecer a resili\u00eancia dos cidad\u00e3os e das comunidade, ainda aumentar a disponibilidade, a prepara\u00e7\u00e3o e a capacidades das for\u00e7as militares de reserva.<\/p>\n<p>Este programa foi anunciado pelo primeiro-ministro Donald Tuskin em mar\u00e7o, com o objetivo de &#8220;construir um ex\u00e9rcito de reservistas&#8221;, numa altura em que aumentavam as preocupa\u00e7\u00f5es com a seguran\u00e7a ap\u00f3s a invas\u00e3o da Ucr\u00e2nia pela R\u00fassia.&#13;\n            <\/p>\n<p><script async src=\"\/\/www.instagram.com\/embed.js\"><\/script><\/p>\n","protected":false},"excerpt":{"rendered":"Com fronteira com a Ucr\u00e2nia, invadida pela R\u00fassia em 2022, a Pol\u00f3nia aumentou os gastos em Defesa e&hellip;\n","protected":false},"author":2,"featured_media":141791,"comment_status":"","ping_status":"","sticky":false,"template":"","format":"standard","meta":{"footnotes":""},"categories":[50],"tags":[27,28,2537,15,16,889,14,25,26,21,22,62,3400,12,13,19,20,5300,23,24,839,17,18,840,29,30,31,63,64,65],"class_list":{"0":"post-141790","1":"post","2":"type-post","3":"status-publish","4":"format-standard","5":"has-post-thumbnail","7":"category-mundo","8":"tag-breaking-news","9":"tag-breakingnews","10":"tag-defesa","11":"tag-featured-news","12":"tag-featurednews","13":"tag-guerra-na-ucrania","14":"tag-headlines","15":"tag-latest-news","16":"tag-latestnews","17":"tag-main-news","18":"tag-mainnews","19":"tag-mundo","20":"tag-nato","21":"tag-news","22":"tag-noticias","23":"tag-noticias-principais","24":"tag-noticiasprincipais","25":"tag-polonia","26":"tag-principais-noticias","27":"tag-principaisnoticias","28":"tag-russia","29":"tag-top-stories","30":"tag-topstories","31":"tag-ucrania","32":"tag-ultimas","33":"tag-ultimas-noticias","34":"tag-ultimasnoticias","35":"tag-world","36":"tag-world-news","37":"tag-worldnews"},"share_on_mastodon":{"url":"https:\/\/pubeurope.com\/@pt\/115503358561203834","error":""},"_links":{"self":[{"href":"https:\/\/www.europesays.com\/pt\/wp-json\/wp\/v2\/posts\/141790","targetHints":{"allow":["GET"]}}],"collection":[{"href":"https:\/\/www.europesays.com\/pt\/wp-json\/wp\/v2\/posts"}],"about":[{"href":"https:\/\/www.europesays.com\/pt\/wp-json\/wp\/v2\/types\/post"}],"author":[{"embeddable":true,"href":"https:\/\/www.europesays.com\/pt\/wp-json\/wp\/v2\/users\/2"}],"replies":[{"embeddable":true,"href":"https:\/\/www.europesays.com\/pt\/wp-json\/wp\/v2\/comments?post=141790"}],"version-history":[{"count":0,"href":"https:\/\/www.europesays.com\/pt\/wp-json\/wp\/v2\/posts\/141790\/revisions"}],"wp:featuredmedia":[{"embeddable":true,"href":"https:\/\/www.europesays.com\/pt\/wp-json\/wp\/v2\/media\/141791"}],"wp:attachment":[{"href":"https:\/\/www.europesays.com\/pt\/wp-json\/wp\/v2\/media?parent=141790"}],"wp:term":[{"taxonomy":"category","embeddable":true,"href":"https:\/\/www.europesays.com\/pt\/wp-json\/wp\/v2\/categories?post=141790"},{"taxonomy":"post_tag","embeddable":true,"href":"https:\/\/www.europesays.com\/pt\/wp-json\/wp\/v2\/tags?post=141790"}],"curies":[{"name":"wp","href":"https:\/\/api.w.org\/{rel}","templated":true}]}}