{"id":141794,"date":"2025-11-06T15:03:17","date_gmt":"2025-11-06T15:03:17","guid":{"rendered":"https:\/\/www.europesays.com\/pt\/141794\/"},"modified":"2025-11-06T15:03:17","modified_gmt":"2025-11-06T15:03:17","slug":"mulher-de-38-anos-morta-a-facada-em-praca-do-porto","status":"publish","type":"post","link":"https:\/\/www.europesays.com\/pt\/141794\/","title":{"rendered":"Mulher de 38 anos morta \u00e0 facada em pra\u00e7a do Porto"},"content":{"rendered":"<p data-remotead-prev-elm=\"true\" data-remotead-elm-id=\"inread\">A PSP adianta que a agress\u00e3o ocorreu ap\u00f3s um desentendimento entre agressor e v\u00edtima, que se conheciam, n\u00e3o sendo ainda claro qual a sua rela\u00e7\u00e3o.<\/p>\n<p>O homem desferiu algumas facadas na mulher e depois ingeriu uma subst\u00e2ncia l\u00edquida que se suspeita ser lix\u00edvia. De seguida, abandonou o local.<\/p>\n<p>Ao que o JN apurou, a v\u00edtima e o agressor, um pescador da Figueira da Foz, chegaram a morar juntos.<\/p>\n<p data-remotead-prev-elm=\"true\" data-remotead-elm-id=\"centro1\">A PSP chegou ao local pelas 8.27 horas, logo seguida dos meios de emerg\u00eancia que transportaram a v\u00edtima para o Hospital de S\u00e3o Jo\u00e3o, local onde acabou por morrer pelas 9.22 horas.<\/p>\n<p>Pouco depois das 9 horas, o homem ter-se-\u00e1 atirado do viaduto &#8220;Pego Negro&#8221;, junto \u00e0 rotunda das Areias. Foi encontrado inanimado e foi transportado para o Hospital de S\u00e3o Jo\u00e3o em estado grave.<\/p>\n<p>At\u00e9 ao momento, desconhecem-se as raz\u00f5es que levaram a este incidente. A investiga\u00e7\u00e3o do crime passou para a Pol\u00edcia Judici\u00e1ria.<\/p>\n<p data-remotead-prev-elm=\"true\" data-remotead-elm-id=\"centro2\"><img decoding=\"async\" class=\"ngx-body\" guid=\"b50a0ac3-39dc-4808-aa8e-92818a4b594a\" src=\"https:\/\/www.europesays.com\/pt\/wp-content\/uploads\/2025\/11\/1762441395_700_image.jpg\" width=\"100%\"\/><img decoding=\"async\" class=\"ngx-body\" guid=\"c2eab10b-8d49-4644-98e7-7ed5d853ad60\" src=\"https:\/\/www.europesays.com\/pt\/wp-content\/uploads\/2025\/11\/1762441396_218_image.jpg\" width=\"100%\"\/>Foto: Carlos Carneiro<\/p>\n<p>&#8220;Fiquei logo aflita&#8221;<\/p>\n<p>Herm\u00ednia S\u00edlvia, residente na zona, viveu momentos de afli\u00e7\u00e3o na manh\u00e3 desta quinta-feira, quando, a caminho da Escola B\u00e1sica de 1.\u00ba CEB \/ JI da Corujeira para levar os netos, se deparou com uma cena de crime mesmo em frente ao estabelecimento de ensino.<\/p>\n<p>&#8220;A senhora [v\u00edtima] estava de pijama. Ambos param aqui muito no jardim. A v\u00edtima estava sempre aqui sentadita&#8221;, contou Herm\u00ednia, ainda abalada com o sucedido.<\/p>\n<p data-remotead-prev-elm=\"true\" data-remotead-elm-id=\"centro3\">A moradora explicou que a presen\u00e7a da mulher era habitual na zona, o que tornou o epis\u00f3dio ainda mais perturbador. &#8220;Sinto-me preocupada com este crime, mesmo em frente \u00e0 escola. At\u00e9 perguntei \u00e0 pol\u00edcia se tinha sido com alguma crian\u00e7a, porque fiquei logo aflita&#8221;, relatou.<\/p>\n<p>Segundo Herm\u00ednia, os agentes tranquilizaram-na, esclarecendo que a v\u00edtima era uma mulher adulta que tinha sido esfaqueada e levada de urg\u00eancia para o hospital. &#8220;Disseram-me que era uma senhora que tinha sido esfaqueada e que foi para o hospital&#8221;, concluiu.<\/p>\n<p>Outro morador, M\u00e1rio Couto, descreveu o sentimento de incredulidade que tomou conta da vizinhan\u00e7a: &#8220;Moro aqui h\u00e1 72 anos, num bairro camar\u00e1rio. Eu nunca vi nada disto. Qualquer coisa agora d\u00e1-se uma facada. Crian\u00e7as a vir para a escola e a ver isto&#8230;&#8221;<\/p>\n<p data-remotead-prev-elm=\"true\" data-remotead-elm-id=\"centro4\"><img decoding=\"async\" class=\"ngx-body\" guid=\"f0082637-7e6d-47b8-8d2d-0142f38bc82a\" src=\"https:\/\/www.europesays.com\/pt\/wp-content\/uploads\/2025\/11\/1762441396_337_image.jpg\" width=\"100%\"\/>M\u00e1rio Couto (Foto: Carlos Carneiro)<\/p>\n<p>Tamb\u00e9m Ant\u00f3nio Cardoso, residente numa rua acima do local do crime, assistiu de perto \u00e0 movimenta\u00e7\u00e3o das autoridades e dos meios de socorro. &#8220;Apercebi-me de tudo. Eu estava na cama e vim espreitar. Depois vesti-me, porque tinha de vir buscar o p\u00e3o, e fui ver o que era. Estava j\u00e1 a ambul\u00e2ncia a fazer a reanima\u00e7\u00e3o. A senhora l\u00e1 reagiu e levaram-na para o hospital. Porque se ela tivesse morrido aqui, tinha de vir c\u00e1 o m\u00e9dico certificar o \u00f3bito. Foi mais do que uma facada.&#8221;<\/p>\n<p><img decoding=\"async\" class=\"ngx-body\" guid=\"539bd522-fd9b-4d39-b394-2e251cb23113\" src=\"https:\/\/www.europesays.com\/pt\/wp-content\/uploads\/2025\/11\/1762441397_766_image.jpg\" width=\"100%\"\/>Ant\u00f3nio Cardoso (Foto: Carlos Carneiro)<\/p>\n","protected":false},"excerpt":{"rendered":"A PSP adianta que a agress\u00e3o ocorreu ap\u00f3s um desentendimento entre agressor e v\u00edtima, que se conheciam, n\u00e3o&hellip;\n","protected":false},"author":2,"featured_media":141795,"comment_status":"","ping_status":"","sticky":false,"template":"","format":"standard","meta":{"footnotes":""},"categories":[8],"tags":[27,28,31428,15,16,14,5564,603,25,26,21,22,12,13,19,20,32,23,24,33,17,18,29,30,31],"class_list":{"0":"post-141794","1":"post","2":"type-post","3":"status-publish","4":"format-standard","5":"has-post-thumbnail","7":"category-principais-noticias","8":"tag-breaking-news","9":"tag-breakingnews","10":"tag-facada","11":"tag-featured-news","12":"tag-featurednews","13":"tag-headlines","14":"tag-homicidio","15":"tag-justica","16":"tag-latest-news","17":"tag-latestnews","18":"tag-main-news","19":"tag-mainnews","20":"tag-news","21":"tag-noticias","22":"tag-noticias-principais","23":"tag-noticiasprincipais","24":"tag-portugal","25":"tag-principais-noticias","26":"tag-principaisnoticias","27":"tag-pt","28":"tag-top-stories","29":"tag-topstories","30":"tag-ultimas","31":"tag-ultimas-noticias","32":"tag-ultimasnoticias"},"share_on_mastodon":{"url":"https:\/\/pubeurope.com\/@pt\/115503366852270319","error":""},"_links":{"self":[{"href":"https:\/\/www.europesays.com\/pt\/wp-json\/wp\/v2\/posts\/141794","targetHints":{"allow":["GET"]}}],"collection":[{"href":"https:\/\/www.europesays.com\/pt\/wp-json\/wp\/v2\/posts"}],"about":[{"href":"https:\/\/www.europesays.com\/pt\/wp-json\/wp\/v2\/types\/post"}],"author":[{"embeddable":true,"href":"https:\/\/www.europesays.com\/pt\/wp-json\/wp\/v2\/users\/2"}],"replies":[{"embeddable":true,"href":"https:\/\/www.europesays.com\/pt\/wp-json\/wp\/v2\/comments?post=141794"}],"version-history":[{"count":0,"href":"https:\/\/www.europesays.com\/pt\/wp-json\/wp\/v2\/posts\/141794\/revisions"}],"wp:featuredmedia":[{"embeddable":true,"href":"https:\/\/www.europesays.com\/pt\/wp-json\/wp\/v2\/media\/141795"}],"wp:attachment":[{"href":"https:\/\/www.europesays.com\/pt\/wp-json\/wp\/v2\/media?parent=141794"}],"wp:term":[{"taxonomy":"category","embeddable":true,"href":"https:\/\/www.europesays.com\/pt\/wp-json\/wp\/v2\/categories?post=141794"},{"taxonomy":"post_tag","embeddable":true,"href":"https:\/\/www.europesays.com\/pt\/wp-json\/wp\/v2\/tags?post=141794"}],"curies":[{"name":"wp","href":"https:\/\/api.w.org\/{rel}","templated":true}]}}