{"id":141796,"date":"2025-11-06T15:04:11","date_gmt":"2025-11-06T15:04:11","guid":{"rendered":"https:\/\/www.europesays.com\/pt\/141796\/"},"modified":"2025-11-06T15:04:11","modified_gmt":"2025-11-06T15:04:11","slug":"web-se-surpreende-com-transformacao-radical-de-carolina-dieckmman","status":"publish","type":"post","link":"https:\/\/www.europesays.com\/pt\/141796\/","title":{"rendered":"Web se surpreende com transforma\u00e7\u00e3o radical de Carolina Dieckmman"},"content":{"rendered":"<p>Nesta quarta-feira, 05\/11, a atriz Carolina Dieckmann passou por uma mudan\u00e7a dr\u00e1stica. Depois de concluir as grava\u00e7\u00f5es de Vale Tudo, a novela das nove da Globo, a atriz optou por mudar o visual.<\/p>\n<p>A mudan\u00e7a no visual de Dieckmann deu o que falar e surpreendeu a internet. &#8220;Linda de qualquer jeito, amo&#8221;, declarou uma f\u00e3. &#8220;Nossa, que deusa, combinou demais&#8221;, elogiou mais uma. &#8220;Ficou simplesmente perfeita&#8221;, acrescentou a internauta.<\/p>\n<p>Por que Luana Piovani detonou Carolina Dieckmmann?<\/p>\n<p>Nesta segunda-feira (3\/11), Luana Piovani voltou a se manifestar publicamente sobre antigas pol\u00eamicas envolvendo Dado Dolabella e aproveitou para alfinetar Carolina Dieckmmann.<\/p>\n<p>A atitude veio ap\u00f3s a entrevista do ator ao programa &#8220;Domingo Espetacular&#8221;, na qual ele admitiu pela primeira vez ter agredido Luana.<\/p>\n<blockquote class=\"instagram-media\" style=\"background: #FFF; border: 0; border-radius: 3px; box-shadow: 0 0 1px 0 rgba(0,0,0,0.5),0 1px 10px 0 rgba(0,0,0,0.15); margin: 1px; max-width: 540px; min-width: 326px; padding: 0; width: calc(100% - 2px);\" data-instgrm-captioned=\"\" data-instgrm-permalink=\"https:\/\/www.instagram.com\/p\/DQsNJmLAZKJ\/?utm_source=ig_embed&amp;utm_campaign=loading\" data-instgrm-version=\"14\"><p>&#13;<br \/>\n&#13;\n<\/p><\/blockquote>\n<p>            <script async src=\"\/\/www.instagram.com\/embed.js\"><\/script><\/p>\n","protected":false},"excerpt":{"rendered":"Nesta quarta-feira, 05\/11, a atriz Carolina Dieckmann passou por uma mudan\u00e7a dr\u00e1stica. Depois de concluir as grava\u00e7\u00f5es de&hellip;\n","protected":false},"author":2,"featured_media":141797,"comment_status":"","ping_status":"","sticky":false,"template":"","format":"standard","meta":{"footnotes":""},"categories":[145],"tags":[4342,211,210,114,115,32,33,3572],"class_list":{"0":"post-141796","1":"post","2":"type-post","3":"status-publish","4":"format-standard","5":"has-post-thumbnail","7":"category-celebridades","8":"tag-carolina-dieckmann","9":"tag-celebridades","10":"tag-celebrities","11":"tag-entertainment","12":"tag-entretenimento","13":"tag-portugal","14":"tag-pt","15":"tag-transformacao"},"share_on_mastodon":{"url":"https:\/\/pubeurope.com\/@pt\/115503370273423301","error":""},"_links":{"self":[{"href":"https:\/\/www.europesays.com\/pt\/wp-json\/wp\/v2\/posts\/141796","targetHints":{"allow":["GET"]}}],"collection":[{"href":"https:\/\/www.europesays.com\/pt\/wp-json\/wp\/v2\/posts"}],"about":[{"href":"https:\/\/www.europesays.com\/pt\/wp-json\/wp\/v2\/types\/post"}],"author":[{"embeddable":true,"href":"https:\/\/www.europesays.com\/pt\/wp-json\/wp\/v2\/users\/2"}],"replies":[{"embeddable":true,"href":"https:\/\/www.europesays.com\/pt\/wp-json\/wp\/v2\/comments?post=141796"}],"version-history":[{"count":0,"href":"https:\/\/www.europesays.com\/pt\/wp-json\/wp\/v2\/posts\/141796\/revisions"}],"wp:featuredmedia":[{"embeddable":true,"href":"https:\/\/www.europesays.com\/pt\/wp-json\/wp\/v2\/media\/141797"}],"wp:attachment":[{"href":"https:\/\/www.europesays.com\/pt\/wp-json\/wp\/v2\/media?parent=141796"}],"wp:term":[{"taxonomy":"category","embeddable":true,"href":"https:\/\/www.europesays.com\/pt\/wp-json\/wp\/v2\/categories?post=141796"},{"taxonomy":"post_tag","embeddable":true,"href":"https:\/\/www.europesays.com\/pt\/wp-json\/wp\/v2\/tags?post=141796"}],"curies":[{"name":"wp","href":"https:\/\/api.w.org\/{rel}","templated":true}]}}