{"id":141821,"date":"2025-11-06T15:24:12","date_gmt":"2025-11-06T15:24:12","guid":{"rendered":"https:\/\/www.europesays.com\/pt\/141821\/"},"modified":"2025-11-06T15:24:12","modified_gmt":"2025-11-06T15:24:12","slug":"utrecht-fc-porto-equipas-provaveis-zaidu-e-mais-dez","status":"publish","type":"post","link":"https:\/\/www.europesays.com\/pt\/141821\/","title":{"rendered":"Utrecht-FC Porto (equipas prov\u00e1veis): Zaidu e mais dez"},"content":{"rendered":"<p style=\"margin-bottom:11px\">O FC Porto vai procurar retomar o caminho das vit\u00f3rias na Liga Europa esta quinta-feira, a partir das 17h45, no terreno do FC Utrecht depois de, na ronda anterior, ter consentido a <a href=\"https:\/\/maisfutebol.iol.pt\/jogo\/aominuto\/nottingham-forest\/fc-porto\/13830325\" rel=\"nofollow noopener\" target=\"_blank\">primeira derrota da temporada diante do Nottingham Forest (0-2)<\/a>. Na antevis\u00e3o do jogo, <a href=\"https:\/\/maisfutebol.iol.pt\/liga-europa\/fc-porto\/farioli-confirma-zaidu-a-titular-e-admite-temos-de-gerir-algumas-situacoes\" rel=\"nofollow noopener\" target=\"_blank\">Francesco Farioli anunciou que Zaidu vai ser titular<\/a>.<\/p>\n<p style=\"margin-bottom:11px\"><a href=\"https:\/\/maisfutebol.iol.pt\/jogo\/utrecht\/fc-porto\/13830319\" rel=\"nofollow noopener\" target=\"_blank\">Acompanhe o Utrecht-FC Porto no AO VIVO do Maisfutebol<\/a><\/p>\n<p>Nehu\u00e9n P\u00e9rez e Luuk de Jong s\u00e3o os \u00fanicos indispon\u00edveis para este jogo por motivos f\u00edsicos, al\u00e9m de Yan Karamoh que n\u00e3o est\u00e1 inscrito na UEFA, mas o treinador italiano assumiu a necessidade de gest\u00e3o da equipa depois do exigente jogo frente ao Sp. Braga.<\/p>\n<p>Uma gest\u00e3o que, al\u00e9m da titularidade de Zaidu, pode tamb\u00e9m passar pelos regressos de Gabri Veiga e Borja Sainz \u00e0s primeiras op\u00e7\u00f5es depois das apostas em Rodrigo Mora e William Gomes no duelo com os minhotos, embora Pablo Rosario tamb\u00e9m seja candidato a jogar no pa\u00eds onde come\u00e7ou a jogar.<\/p>\n<p>No lado da equipa neerlandesa, o central Mike van der Hoorn \u00e9 a principal d\u00favida, depois de ter ficado de fora do \u00faltimo jogo, frente ao NEC, devido a um problema na virilha. Fora de combate est\u00e1 mesmo o m\u00e9dio ofensivo Victor Jensen que tinha iniciado a temporada com oito golos nos primeiros nove jogos.<\/p>\n<p>Olhando para a <a href=\"https:\/\/maisfutebol.iol.pt\/resultadoseclassificacoes\/399\/132\/Europa\/Liga-Europa\" rel=\"nofollow noopener\" target=\"_blank\">classifica\u00e7\u00e3o da Liga Europa<\/a>, o FC Porto, com 6 pontos, parte do 15.\u00ba lugar, mas segue na luta pela qualifica\u00e7\u00e3o direita [8 primeiros], enquanto o Utrecht, ainda sem pontos, est\u00e1 no fundo da classifica\u00e7\u00e3o, a par do Nice, Salzbrugo e Glasgow Rangers.<\/p>\n<p><strong>A equipa prov\u00e1vel do UTRECHT:<\/strong> Vasilios Barkas; Siebe Horemans, Mike van der Hoorn, Nick Viergever e Souffian El Karouani; Alonzo Engwanda, Dani de Wit e Gjivai Zechi\u00ebl; Miguel Rodr\u00edguez, David Min e Adrian Blake.<\/p>\n<p><a href=\"https:\/\/maisfutebol.iol.pt\/fotogaleria\/690c753dd34e3caad84af74f\/liga-europa-a-equipa-provavel-do-fc-porto-em-utrecht\" rel=\"nofollow noopener\" target=\"_blank\"><strong>Confira o onze prov\u00e1vel do FC Porto na galeria associada<\/strong><\/a><br \/>\u00a0<\/p>\n","protected":false},"excerpt":{"rendered":"O FC Porto vai procurar retomar o caminho das vit\u00f3rias na Liga Europa esta quinta-feira, a partir das&hellip;\n","protected":false},"author":2,"featured_media":141822,"comment_status":"","ping_status":"","sticky":false,"template":"","format":"standard","meta":{"footnotes":""},"categories":[87],"tags":[135,4458,282,31431,137,46,32,33,47,134,12641,16315],"class_list":{"0":"post-141821","1":"post","2":"type-post","3":"status-publish","4":"format-standard","5":"has-post-thumbnail","7":"category-desporto","8":"tag-desporto","9":"tag-equipas-provaveis","10":"tag-fc-porto","11":"tag-fc-utrecht","12":"tag-liga-europa","13":"tag-maisfutebol","14":"tag-portugal","15":"tag-pt","16":"tag-pura-paixao","17":"tag-sports","18":"tag-utrecht","19":"tag-zaidu"},"share_on_mastodon":{"url":"https:\/\/pubeurope.com\/@pt\/115503449124654446","error":""},"_links":{"self":[{"href":"https:\/\/www.europesays.com\/pt\/wp-json\/wp\/v2\/posts\/141821","targetHints":{"allow":["GET"]}}],"collection":[{"href":"https:\/\/www.europesays.com\/pt\/wp-json\/wp\/v2\/posts"}],"about":[{"href":"https:\/\/www.europesays.com\/pt\/wp-json\/wp\/v2\/types\/post"}],"author":[{"embeddable":true,"href":"https:\/\/www.europesays.com\/pt\/wp-json\/wp\/v2\/users\/2"}],"replies":[{"embeddable":true,"href":"https:\/\/www.europesays.com\/pt\/wp-json\/wp\/v2\/comments?post=141821"}],"version-history":[{"count":0,"href":"https:\/\/www.europesays.com\/pt\/wp-json\/wp\/v2\/posts\/141821\/revisions"}],"wp:featuredmedia":[{"embeddable":true,"href":"https:\/\/www.europesays.com\/pt\/wp-json\/wp\/v2\/media\/141822"}],"wp:attachment":[{"href":"https:\/\/www.europesays.com\/pt\/wp-json\/wp\/v2\/media?parent=141821"}],"wp:term":[{"taxonomy":"category","embeddable":true,"href":"https:\/\/www.europesays.com\/pt\/wp-json\/wp\/v2\/categories?post=141821"},{"taxonomy":"post_tag","embeddable":true,"href":"https:\/\/www.europesays.com\/pt\/wp-json\/wp\/v2\/tags?post=141821"}],"curies":[{"name":"wp","href":"https:\/\/api.w.org\/{rel}","templated":true}]}}