{"id":141825,"date":"2025-11-06T15:26:33","date_gmt":"2025-11-06T15:26:33","guid":{"rendered":"https:\/\/www.europesays.com\/pt\/141825\/"},"modified":"2025-11-06T15:26:33","modified_gmt":"2025-11-06T15:26:33","slug":"fogo-consome-famosa-cupula-do-mas-marroch-dos-irmaos-roca-observador","status":"publish","type":"post","link":"https:\/\/www.europesays.com\/pt\/141825\/","title":{"rendered":"Fogo consome famosa c\u00fapula do Mas Marroch dos irm\u00e3os Roca \u2013 Observador"},"content":{"rendered":"<p>O alerta foi dado \u00e0s 4h30 e pelas 7h00 j\u00e1 o inc\u00eandio estava controlado. N\u00e3o podendo salvar completamente a c\u00fapula, o trabalho dos bombeiros centrou-se tamb\u00e9m no pilar hist\u00f3rico da propriedade: a quinta g\u00f3tica do s\u00e9culo XV. Quanto \u00e0s causas do inc\u00eandio, Josep Roca avan\u00e7ou ao El Pa\u00eds que ainda n\u00e3o era poss\u00edvel determin\u00e1-las mas que n\u00e3o parece ter sido fogo posto: \u201cN\u00e3o se sabe se foi um curto-circuito na parte de tr\u00e1s do edif\u00edcio, mas parece que n\u00e3o foi provocado.\u201d<\/p>\n<p>        <img src=\"https:\/\/www.europesays.com\/pt\/wp-content\/uploads\/2025\/11\/mas-marroch-03.jpg\" alt=\"\" loading=\"lazy\" decoding=\"async\" class=\"\" onload=\"this.parentElement.classList.remove('spinner')\" onerror=\"this.parentElement.classList.remove('spinner')\" width=\"630\" height=\"460\"\/>    <\/p>\n<p class=\"image-credits\">El Celler de Can Roca<\/p>\n<p class=\"wp-caption-text\">A c\u00fapula antes do inc\u00eandio<\/p>\n<p>O Mas Marroch est\u00e1 aberto desde 2007 e, desde 2016, que ostenta a famosa c\u00fapula, onde t\u00eam sido organizados v\u00e1rios eventos, entre eles a gala do Guia Michelin Espanha e Portugal 2016. Os futuros eventos j\u00e1 programados continuam de p\u00e9. \u201cTemos espa\u00e7os e vamos adaptar-nos e oferecer solu\u00e7\u00f5es para os pedidos\u201d, garantiu Roca.<\/p>\n<p>\u201cAgora \u00e9 hora de superar parte do luto, porque \u00e9 dif\u00edcil ver que uma parte do que constru\u00edmos \u00e9 destru\u00edda e aceitar a desgra\u00e7a. Temos que ver se temos que deitar tudo fora ou reconstruir. Temos que pensar sempre positivo\u201d, afirmou.<\/p>\n<p class=\"tinymceh1\"><strong>[H\u00e1 d\u00favidas at\u00e9 ao fim que acabam na vit\u00f3ria mais curta da Hist\u00f3ria.\u00a0A\u00a0<a href=\"https:\/\/observador.pt\/wp-admin\/post.php?post=7685876&amp;action=edit\" rel=\"nofollow noopener\" target=\"_blank\">\u201cElei\u00e7\u00e3o Mais Louca de Sempre\u201d<\/a>\u00a0\u00e9 o novo Podcast Plus do Observador sobre as Presidenciais de 1986. Uma s\u00e9rie narrada pelo ator Gon\u00e7alo Waddington, com banda sonora original de Samuel \u00daria. Pode ouvir o \u00faltimo epis\u00f3dio\u00a0<a href=\"https:\/\/observador.pt\/programas\/a-eleio-mais-louca-de-sempre\/episodio-6-a-vitoria-mais-curta-da-historia\/\" rel=\"nofollow noopener\" target=\"_blank\">aqui<\/a>, no\u00a0Observador, e tamb\u00e9m na\u00a0<a href=\"https:\/\/podcasts.apple.com\/pt\/podcast\/epis%C3%B3dio-6-a-vit%C3%B3ria-mais-curta-da-hist%C3%B3ria\/id1841273464?i=1000735108841\" rel=\"nofollow noopener\" target=\"_blank\">Apple Podcasts<\/a>, no\u00a0<a href=\"https:\/\/open.spotify.com\/episode\/01P6DWg39vDsqRDF9hHto6?si=32fb673d4e6f476f\" rel=\"nofollow noopener\" target=\"_blank\">Spotify<\/a>\u00a0e no\u00a0<a href=\"https:\/\/music.youtube.com\/watch?v=tC9N52JuIbI&amp;si=yDUA94GtcmbZxfYl\" rel=\"nofollow noopener\" target=\"_blank\">Youtube Music<\/a>. E pode ouvir o primeiro epis\u00f3dio\u00a0<a href=\"https:\/\/observador.pt\/programas\/a-eleio-mais-louca-de-sempre\/estreia-a-eleicao-mais-louca-de-sempre-episodio-1-apostamos-no-cavalo-errado\/\" target=\"_blank\" rel=\"noopener nofollow\">aqui<\/a>,\u00a0o segundo\u00a0<a href=\"https:\/\/observador.pt\/programas\/a-eleio-mais-louca-de-sempre\/episodio-2-uma-traicao-inesperada\/\" target=\"_blank\" rel=\"noopener nofollow\">aqui<\/a>,\u00a0o terceiro\u00a0<a href=\"https:\/\/observador.pt\/programas\/a-eleio-mais-louca-de-sempre\/episodio-3-ele-nao-e-meu-irmao\/\" rel=\"nofollow noopener\" target=\"_blank\">aqui<\/a>, o\u00a0<a href=\"https:\/\/observador.pt\/programas\/a-eleio-mais-louca-de-sempre\/episodio-4-portugal-nao-e-moscovo\/\" rel=\"nofollow noopener\" target=\"_blank\">quarto<\/a>\u00a0aqui e o\u00a0<a href=\"https:\/\/observador.pt\/programas\/a-eleio-mais-louca-de-sempre\/episodio-5-uma-armadilha-em-direto\/\" rel=\"nofollow noopener\" target=\"_blank\">quinto\u00a0<\/a>aqui]<\/strong><\/p>\n<p><a href=\"https:\/\/observador.pt\/programas\/a-eleio-mais-louca-de-sempre\/episodio-6-a-vitoria-mais-curta-da-historia\/\" rel=\"nofollow noopener\" target=\"_blank\"><\/p>\n<p>        <img src=\"https:\/\/www.europesays.com\/pt\/wp-content\/uploads\/2025\/10\/1761878958_488_770-a-eleicao-mais-louca-de-sempre-playicon.png\" alt=\"\" loading=\"lazy\" decoding=\"async\" class=\"alignnone\" onload=\"this.parentElement.classList.remove('spinner')\" onerror=\"this.parentElement.classList.remove('spinner')\" width=\"770\" height=\"433\"\/>    <\/p>\n<p><\/a><\/p>\n","protected":false},"excerpt":{"rendered":"O alerta foi dado \u00e0s 4h30 e pelas 7h00 j\u00e1 o inc\u00eandio estava controlado. N\u00e3o podendo salvar completamente&hellip;\n","protected":false},"author":2,"featured_media":141826,"comment_status":"","ping_status":"","sticky":false,"template":"","format":"standard","meta":{"footnotes":""},"categories":[85],"tags":[59,4533,114,115,640,445,13775,2005,186,62,32,33,3555,58],"class_list":{"0":"post-141825","1":"post","2":"type-post","3":"status-publish","4":"format-standard","5":"has-post-thumbnail","7":"category-entretenimento","8":"tag-acidente","9":"tag-comida","10":"tag-entertainment","11":"tag-entretenimento","12":"tag-espanha","13":"tag-europa","14":"tag-guia-michelin","15":"tag-incu00eandios","16":"tag-lifestyle","17":"tag-mundo","18":"tag-portugal","19":"tag-pt","20":"tag-restaurantes","21":"tag-sociedade"},"share_on_mastodon":{"url":"https:\/\/pubeurope.com\/@pt\/115503457301265272","error":""},"_links":{"self":[{"href":"https:\/\/www.europesays.com\/pt\/wp-json\/wp\/v2\/posts\/141825","targetHints":{"allow":["GET"]}}],"collection":[{"href":"https:\/\/www.europesays.com\/pt\/wp-json\/wp\/v2\/posts"}],"about":[{"href":"https:\/\/www.europesays.com\/pt\/wp-json\/wp\/v2\/types\/post"}],"author":[{"embeddable":true,"href":"https:\/\/www.europesays.com\/pt\/wp-json\/wp\/v2\/users\/2"}],"replies":[{"embeddable":true,"href":"https:\/\/www.europesays.com\/pt\/wp-json\/wp\/v2\/comments?post=141825"}],"version-history":[{"count":0,"href":"https:\/\/www.europesays.com\/pt\/wp-json\/wp\/v2\/posts\/141825\/revisions"}],"wp:featuredmedia":[{"embeddable":true,"href":"https:\/\/www.europesays.com\/pt\/wp-json\/wp\/v2\/media\/141826"}],"wp:attachment":[{"href":"https:\/\/www.europesays.com\/pt\/wp-json\/wp\/v2\/media?parent=141825"}],"wp:term":[{"taxonomy":"category","embeddable":true,"href":"https:\/\/www.europesays.com\/pt\/wp-json\/wp\/v2\/categories?post=141825"},{"taxonomy":"post_tag","embeddable":true,"href":"https:\/\/www.europesays.com\/pt\/wp-json\/wp\/v2\/tags?post=141825"}],"curies":[{"name":"wp","href":"https:\/\/api.w.org\/{rel}","templated":true}]}}