{"id":141831,"date":"2025-11-06T15:32:14","date_gmt":"2025-11-06T15:32:14","guid":{"rendered":"https:\/\/www.europesays.com\/pt\/141831\/"},"modified":"2025-11-06T15:32:14","modified_gmt":"2025-11-06T15:32:14","slug":"pizarro-critica-posicao-errada-de-sobrado-ao-aceitar-pelouro-na-camara-do-porto-local","status":"publish","type":"post","link":"https:\/\/www.europesays.com\/pt\/141831\/","title":{"rendered":"Pizarro critica \u201cposi\u00e7\u00e3o errada\u201d de Sobrado ao aceitar pelouro na C\u00e2mara do Porto | Local"},"content":{"rendered":"<p>O candidato ao Porto, e agora vereador da oposi\u00e7\u00e3o, Manuel Pizarro (PS), criticou nesta quarta-feira a &#8220;posi\u00e7\u00e3o errada&#8221; tomada pelo seu n\u00famero quatro, Jorge Sobrado, que, sendo eleito, decidiu tornar-se independente e <a href=\"https:\/\/www.publico.pt\/2025\/11\/05\/local\/noticia\/pedro-duarte-entrega-pasta-cultura-jorge-sobrado-garante-maioria-2153464\" rel=\"nofollow noopener\" target=\"_blank\">aceitar o pelouro da cultura<\/a> dado pelo presidente.<\/p>\n<p>&#8220;Eu entendo que o sinal que os portuenses deram com o seu voto foi escolherem quem governava a c\u00e2mara e foi escolherem quem deve fazer oposi\u00e7\u00e3o. Desse ponto de vista, eu considero que a posi\u00e7\u00e3o que <a href=\"https:\/\/www.publico.pt\/2025\/11\/05\/local\/noticia\/programacao-independente-comunidades-leitores-ideias-novo-vereador-cultura-porto-2153511\" rel=\"nofollow noopener\" target=\"_blank\">Jorge Sobrado<\/a> tomou \u00e9 uma posi\u00e7\u00e3o errada, que interpreta de forma errada o sinal que os eleitores do Porto deram&#8221;, declarou \u00e0 Lusa Manuel Pizarro, que liderou a lista do PS \u00e0 C\u00e2mara do Porto nas aut\u00e1rquicas de 12 de Outubro.<\/p>\n<p>Ressalvando que &#8220;n\u00e3o \u00e9 um assunto pessoal, mas uma interpreta\u00e7\u00e3o pol\u00edtica&#8221;, o ex-ministro da sa\u00fade reafirmou que &#8220;o Partido Socialista percebeu o resultado das elei\u00e7\u00f5es&#8221; e que o PS n\u00e3o ganhou as elei\u00e7\u00f5es e &#8220;representa uma enorme fun\u00e7\u00e3o: a fun\u00e7\u00e3o de servir o Porto na oposi\u00e7\u00e3o&#8221;.<\/p>\n<p>Depois de n\u00e3o ter conseguido maioria absoluta nas elei\u00e7\u00f5es de Outubro, conquistando seis de 13 mandatos, Pedro Duarte (PDS\/CDS-PP\/IL), que nesta quarta-feira<a href=\"https:\/\/www.publico.pt\/2025\/11\/05\/politica\/noticia\/porto-deixe-porto-pedro-duarte-ja-presidente-camara-2153509\" rel=\"nofollow noopener\" target=\"_blank\"> tomou posse como presidente da C\u00e2mara<\/a> do Porto, decidiu entregar o pelouro da Cultura a Jorge Sobrado, eleito pela lista do PS e que passar\u00e1 a vereador independente, foi hoje revelado.<\/p>\n<p>Com Jorge Sobrado como independente, Pedro Duarte (PSD\/CDS-PP\/IL) consegue ter mais um vereador do que o PS.<\/p>\n<p>Questionado se chegou a estar em cima da mesa Jorge Sobrado aceitar o pelouro, continuando do lado do PS, Pizarro garantiu n\u00e3o ter discutido esse assunto com Pedro Duarte.<\/p>\n<p>Durante a campanha eleitora, Sobrado foi anunciado como futuro vereador da cultura de Manuel Pizarro na C\u00e2mara do Porto. Este pelouro foi tamb\u00e9m aquele que o agora presidente da c\u00e2mara disse, em campanha, que iria ficar sob a sua al\u00e7ada.<\/p>\n<p>&#8220;O presidente da C\u00e2mara eleito, legitimamente, definiu que n\u00e3o queria estabelecer nenhum acordo com nenhum outro partido. N\u00f3s nem cheg\u00e1mos a ter que discutir esse assunto. Pessoalmente, n\u00e3o posso dizer que eu estou satisfeito. Eu aceito esta decis\u00e3o, considero que \u00e9 uma decis\u00e3o que n\u00e3o corresponde ao voto do povo do Porto&#8221;, acrescentou.<\/p>\n<p>Para o socialista, este momento demonstrou que &#8220;a lista do PS tinha mesmo os melhores candidatos a vereadores&#8221; e disse reconhecer que &#8220;n\u00e3o h\u00e1 nenhuma pessoa que n\u00e3o esteja na lista do PS que se qualifique o suficiente para ser vereadora da cultura&#8221;.<\/p>\n<p>Nas elei\u00e7\u00f5es aut\u00e1rquicas de 12 de Outubro, o PS elegeu seis mandatos (Manuel Pizarro, Fernando Paulo, Francisca Carneiro Fernandes, Jorge Sobrado, Jorge Garcia Pereira e Marta S\u00e1 Lemos), os mesmos da coliga\u00e7\u00e3o PSD\/CDS-PP\/IL.<\/p>\n<p>Al\u00e9m de Pedro Duarte, a coliga\u00e7\u00e3o elegeu mais cinco vereadores: Catarina Ara\u00fajo (CDS-PP), Gabriela Queiroz (PSD), Rodrigo Passos (PSD), Hugo Beir\u00e3o Rodrigues (IL) e Matilde Gouveia Rocha (IL).<\/p>\n<p>O Chega conseguiu eleger um vereador, Miguel Corte-Real.<\/p>\n","protected":false},"excerpt":{"rendered":"O candidato ao Porto, e agora vereador da oposi\u00e7\u00e3o, Manuel Pizarro (PS), criticou nesta quarta-feira a &#8220;posi\u00e7\u00e3o errada&#8221;&hellip;\n","protected":false},"author":2,"featured_media":141832,"comment_status":"","ping_status":"","sticky":false,"template":"","format":"standard","meta":{"footnotes":""},"categories":[10],"tags":[27,28,17593,15,16,14,25,26,352,21,22,21021,12,13,19,20,18043,462,32,23,24,455,4579,33,17,18,29,30,31],"class_list":{"0":"post-141831","1":"post","2":"type-post","3":"status-publish","4":"format-standard","5":"has-post-thumbnail","7":"category-portugal","8":"tag-breaking-news","9":"tag-breakingnews","10":"tag-eleicoes-autarquicas","11":"tag-featured-news","12":"tag-featurednews","13":"tag-headlines","14":"tag-latest-news","15":"tag-latestnews","16":"tag-local","17":"tag-main-news","18":"tag-mainnews","19":"tag-manuel-pizarro","20":"tag-news","21":"tag-noticias","22":"tag-noticias-principais","23":"tag-noticiasprincipais","24":"tag-pedro-duarte","25":"tag-porto","26":"tag-portugal","27":"tag-principais-noticias","28":"tag-principaisnoticias","29":"tag-ps","30":"tag-psd","31":"tag-pt","32":"tag-top-stories","33":"tag-topstories","34":"tag-ultimas","35":"tag-ultimas-noticias","36":"tag-ultimasnoticias"},"share_on_mastodon":{"url":"https:\/\/pubeurope.com\/@pt\/115503480586513044","error":""},"_links":{"self":[{"href":"https:\/\/www.europesays.com\/pt\/wp-json\/wp\/v2\/posts\/141831","targetHints":{"allow":["GET"]}}],"collection":[{"href":"https:\/\/www.europesays.com\/pt\/wp-json\/wp\/v2\/posts"}],"about":[{"href":"https:\/\/www.europesays.com\/pt\/wp-json\/wp\/v2\/types\/post"}],"author":[{"embeddable":true,"href":"https:\/\/www.europesays.com\/pt\/wp-json\/wp\/v2\/users\/2"}],"replies":[{"embeddable":true,"href":"https:\/\/www.europesays.com\/pt\/wp-json\/wp\/v2\/comments?post=141831"}],"version-history":[{"count":0,"href":"https:\/\/www.europesays.com\/pt\/wp-json\/wp\/v2\/posts\/141831\/revisions"}],"wp:featuredmedia":[{"embeddable":true,"href":"https:\/\/www.europesays.com\/pt\/wp-json\/wp\/v2\/media\/141832"}],"wp:attachment":[{"href":"https:\/\/www.europesays.com\/pt\/wp-json\/wp\/v2\/media?parent=141831"}],"wp:term":[{"taxonomy":"category","embeddable":true,"href":"https:\/\/www.europesays.com\/pt\/wp-json\/wp\/v2\/categories?post=141831"},{"taxonomy":"post_tag","embeddable":true,"href":"https:\/\/www.europesays.com\/pt\/wp-json\/wp\/v2\/tags?post=141831"}],"curies":[{"name":"wp","href":"https:\/\/api.w.org\/{rel}","templated":true}]}}