{"id":14184,"date":"2025-08-03T12:43:11","date_gmt":"2025-08-03T12:43:11","guid":{"rendered":"https:\/\/www.europesays.com\/pt\/14184\/"},"modified":"2025-08-03T12:43:11","modified_gmt":"2025-08-03T12:43:11","slug":"manchester-united-pode-oferecer-mais-de-70-milhoes-de-euros-por-medio-do-barcelona","status":"publish","type":"post","link":"https:\/\/www.europesays.com\/pt\/14184\/","title":{"rendered":"Manchester United pode oferecer mais de 70 milh\u00f5es de euros por m\u00e9dio do Barcelona"},"content":{"rendered":"<p>O Manchester United de Ruben Amorim est\u00e1 disposto a apresentar uma proposta superior aos 70 milh\u00f5es de euros por Ferm\u00edn L\u00f3pez ao Barcelona, garante o di\u00e1rio Sport. A mesma fonte refere h\u00e1 debate interno na Catalunha, mas existe a possibilidade de uma sa\u00edda nas pr\u00f3ximas semanas, uma vez que se trata de uma oferta alta e ajudaria a quest\u00e3o financeira do clube.<\/p>\n<p>Ferm\u00edn L\u00f3pez j\u00e1 tinha chamado \u00e0 aten\u00e7\u00e3o de v\u00e1rios clubes no in\u00edcio do ver\u00e3o e a comitiva do jogador ter\u00e1 comunicado ao Barcelona. Inclusive, a Ar\u00e1bia Saudita, o Chelsea e o Arsenal mostraram interesse. Ferm\u00edn L\u00f3pez j\u00e1 recusou abordagens para ficar no Barcelona.<\/p>\n<p>O <a href=\"https:\/\/bolanarede.pt\/?s=Manchester+United\" target=\"_blank\" rel=\"noreferrer noopener nofollow\">Manchester United <\/a>de Ruben Amorim mostrou interesse nos \u00faltimos dias e Ferm\u00edn L\u00f3pez \u00e9 um jogador que \u00abencaixa no projeto de Ruben Amorim pelo seu estilo de jogo, capacidade goleadora e grande potencial\u00bb. A decis\u00e3o final caber\u00e1 ao pr\u00f3prio jogador.<\/p>\n","protected":false},"excerpt":{"rendered":"O Manchester United de Ruben Amorim est\u00e1 disposto a apresentar uma proposta superior aos 70 milh\u00f5es de euros&hellip;\n","protected":false},"author":2,"featured_media":14185,"comment_status":"","ping_status":"","sticky":false,"template":"","format":"standard","meta":{"footnotes":""},"categories":[8],"tags":[260,1235,27,28,15,16,5704,14,25,26,21,22,663,12,13,19,20,32,23,24,33,17,18,29,30,31],"class_list":{"0":"post-14184","1":"post","2":"type-post","3":"status-publish","4":"format-standard","5":"has-post-thumbnail","7":"category-principais-noticias","8":"tag-atualidade","9":"tag-barcelona","10":"tag-breaking-news","11":"tag-breakingnews","12":"tag-featured-news","13":"tag-featurednews","14":"tag-fermin-lopez","15":"tag-headlines","16":"tag-latest-news","17":"tag-latestnews","18":"tag-main-news","19":"tag-mainnews","20":"tag-manchester-united","21":"tag-news","22":"tag-noticias","23":"tag-noticias-principais","24":"tag-noticiasprincipais","25":"tag-portugal","26":"tag-principais-noticias","27":"tag-principaisnoticias","28":"tag-pt","29":"tag-top-stories","30":"tag-topstories","31":"tag-ultimas","32":"tag-ultimas-noticias","33":"tag-ultimasnoticias"},"share_on_mastodon":{"url":"","error":""},"_links":{"self":[{"href":"https:\/\/www.europesays.com\/pt\/wp-json\/wp\/v2\/posts\/14184","targetHints":{"allow":["GET"]}}],"collection":[{"href":"https:\/\/www.europesays.com\/pt\/wp-json\/wp\/v2\/posts"}],"about":[{"href":"https:\/\/www.europesays.com\/pt\/wp-json\/wp\/v2\/types\/post"}],"author":[{"embeddable":true,"href":"https:\/\/www.europesays.com\/pt\/wp-json\/wp\/v2\/users\/2"}],"replies":[{"embeddable":true,"href":"https:\/\/www.europesays.com\/pt\/wp-json\/wp\/v2\/comments?post=14184"}],"version-history":[{"count":0,"href":"https:\/\/www.europesays.com\/pt\/wp-json\/wp\/v2\/posts\/14184\/revisions"}],"wp:featuredmedia":[{"embeddable":true,"href":"https:\/\/www.europesays.com\/pt\/wp-json\/wp\/v2\/media\/14185"}],"wp:attachment":[{"href":"https:\/\/www.europesays.com\/pt\/wp-json\/wp\/v2\/media?parent=14184"}],"wp:term":[{"taxonomy":"category","embeddable":true,"href":"https:\/\/www.europesays.com\/pt\/wp-json\/wp\/v2\/categories?post=14184"},{"taxonomy":"post_tag","embeddable":true,"href":"https:\/\/www.europesays.com\/pt\/wp-json\/wp\/v2\/tags?post=14184"}],"curies":[{"name":"wp","href":"https:\/\/api.w.org\/{rel}","templated":true}]}}