{"id":141840,"date":"2025-11-06T15:41:07","date_gmt":"2025-11-06T15:41:07","guid":{"rendered":"https:\/\/www.europesays.com\/pt\/141840\/"},"modified":"2025-11-06T15:41:07","modified_gmt":"2025-11-06T15:41:07","slug":"hulk-chega-aos-500-golos-estou-entre-os-dez-que-chegaram-a-essa-marca","status":"publish","type":"post","link":"https:\/\/www.europesays.com\/pt\/141840\/","title":{"rendered":"Hulk chega aos 500 golos: \u00abEstou entre os dez que chegaram a essa marca\u00bb"},"content":{"rendered":"<p>Hulk, antigo avan\u00e7ado do FC Porto, chegou \u00e0 marca dos 500 golos na carreira, ao marcar na vit\u00f3ria do Atl\u00e9tico Mineiro sobre o Bahia (3-0), na \u00faltima madrugada, em jogo da 32.\u00aa jornada do Brasileir\u00e3o.<\/p>\n<p>Depois de um nulo na primeira parte, os mineiros tiraram m\u00e1ximo proveito da expuls\u00e3o do defesa Kanu para se imporem no jogo e partirem para a vit\u00f3ria. Foi o pr\u00f3prio Hulk que abriu o marcador, com um golo muito festejado pelo avan\u00e7ado e por toda a equipa, uma vez que o jogador de 39 anos j\u00e1 n\u00e3o marcava no Brasileir\u00e3o em lances de bola corrida h\u00e1 mais de um ano.<\/p>\n<p>Foi o golo 132 em 281 jogos pelo Alt\u00e9tico Mineiro, mas foi o golo 500 da carreira, incluindo 77 em pouco mais de quatro temporadas no FC Porto.<\/p>\n<p>No final do jogo, o experiente avan\u00e7ado recebeu umas botas especiais a assinalar o n\u00famero redondo e emocionou-se.<\/p>\n<p>\u00abEstou muito grato por tudo o que aconteceu na minha vida, vim de baixo e s\u00f3 Deus sabe o que tive de enfrentar para poder estar aqui hoje. Criado com tr\u00eas irm\u00e3s mais velhas e tr\u00eas mais novas. Os meus pais trabalhando para caramba para n\u00e3o deixar faltar o nosso p\u00e3o em cada dia. Come\u00e7ar a jogar com 12 anos e hoje com 39 anos chego nessa marca hist\u00f3rica. Nem tinha no\u00e7\u00e3o, na semana passada recebi os n\u00fameros\u00bb, comentou emocionado.<\/p>\n<p>O avan\u00e7ado agradeceu depois o apoio da fam\u00edlia e tamb\u00e9m do Atl\u00e9tico Mineiro que lhe permitiu voltar a jogar no Brasil aos 34 anos. \u00abO Brasil tem mais de 500 anos, \u00e9 um pa\u00eds de futebol e eu estou entre os dez que chegaram a essa marca. N\u00e3o tenho palavras para descrever este momento. Gratid\u00e3o a Deus\u00bb, destacou ainda.<\/p>\n","protected":false},"excerpt":{"rendered":"Hulk, antigo avan\u00e7ado do FC Porto, chegou \u00e0 marca dos 500 golos na carreira, ao marcar na vit\u00f3ria&hellip;\n","protected":false},"author":2,"featured_media":141841,"comment_status":"","ping_status":"","sticky":false,"template":"","format":"standard","meta":{"footnotes":""},"categories":[87],"tags":[31432,727,726,1620,135,282,24740,82,46,32,33,47,134],"class_list":{"0":"post-141840","1":"post","2":"type-post","3":"status-publish","4":"format-standard","5":"has-post-thumbnail","7":"category-desporto","8":"tag-500-golos","9":"tag-atletico-mineiro","10":"tag-brasil","11":"tag-brasileirao","12":"tag-desporto","13":"tag-fc-porto","14":"tag-hulk","15":"tag-internacional","16":"tag-maisfutebol","17":"tag-portugal","18":"tag-pt","19":"tag-pura-paixao","20":"tag-sports"},"share_on_mastodon":{"url":"","error":""},"_links":{"self":[{"href":"https:\/\/www.europesays.com\/pt\/wp-json\/wp\/v2\/posts\/141840","targetHints":{"allow":["GET"]}}],"collection":[{"href":"https:\/\/www.europesays.com\/pt\/wp-json\/wp\/v2\/posts"}],"about":[{"href":"https:\/\/www.europesays.com\/pt\/wp-json\/wp\/v2\/types\/post"}],"author":[{"embeddable":true,"href":"https:\/\/www.europesays.com\/pt\/wp-json\/wp\/v2\/users\/2"}],"replies":[{"embeddable":true,"href":"https:\/\/www.europesays.com\/pt\/wp-json\/wp\/v2\/comments?post=141840"}],"version-history":[{"count":0,"href":"https:\/\/www.europesays.com\/pt\/wp-json\/wp\/v2\/posts\/141840\/revisions"}],"wp:featuredmedia":[{"embeddable":true,"href":"https:\/\/www.europesays.com\/pt\/wp-json\/wp\/v2\/media\/141841"}],"wp:attachment":[{"href":"https:\/\/www.europesays.com\/pt\/wp-json\/wp\/v2\/media?parent=141840"}],"wp:term":[{"taxonomy":"category","embeddable":true,"href":"https:\/\/www.europesays.com\/pt\/wp-json\/wp\/v2\/categories?post=141840"},{"taxonomy":"post_tag","embeddable":true,"href":"https:\/\/www.europesays.com\/pt\/wp-json\/wp\/v2\/tags?post=141840"}],"curies":[{"name":"wp","href":"https:\/\/api.w.org\/{rel}","templated":true}]}}