{"id":141842,"date":"2025-11-06T15:42:08","date_gmt":"2025-11-06T15:42:08","guid":{"rendered":"https:\/\/www.europesays.com\/pt\/141842\/"},"modified":"2025-11-06T15:42:08","modified_gmt":"2025-11-06T15:42:08","slug":"vita-ia-tira-duvidas-sobre-cancer-de-prostata-com-videos-06-11-2025-equilibrio-e-saude","status":"publish","type":"post","link":"https:\/\/www.europesays.com\/pt\/141842\/","title":{"rendered":"Vita: IA tira d\u00favidas sobre c\u00e2ncer de pr\u00f3stata com v\u00eddeos &#8211; 06\/11\/2025 &#8211; Equil\u00edbrio e Sa\u00fade"},"content":{"rendered":"<p>Nesta quinta-feira (6), a ferramenta de <a href=\"https:\/\/www1.folha.uol.com.br\/folha-topicos\/inteligencia-artificial\/\" rel=\"nofollow noopener\" target=\"_blank\">intelig\u00eancia artificial<\/a> Vita, desenvolvida em parceria com o Hospital S\u00edrio Liban\u00eas, ganha mais uma vers\u00e3o. Agora, o chatbot de <a href=\"https:\/\/www1.folha.uol.com.br\/folha-topicos\/saude\/\" rel=\"nofollow noopener\" target=\"_blank\">sa\u00fade<\/a> responder\u00e1 a d\u00favidas sobre <a href=\"https:\/\/www1.folha.uol.com.br\/folha-topicos\/cancer-de-prostata\/\" rel=\"nofollow noopener\" target=\"_blank\">c\u00e2ncer de pr\u00f3stata<\/a>.<\/p>\n<p>Basta acessar <strong><a href=\"https:\/\/www1.folha.uol.com.br\/equilibrioesaude\/vita\/prostata\/\" rel=\"nofollow noopener\" target=\"\">folha.com\/prostata<\/a><\/strong>. N\u00e3o \u00e9 necess\u00e1rio ter assinatura para usar.<\/p>\n<p>17 de novembro \u00e9 o Dia Mundial de Combate ao C\u00e2ncer de Pr\u00f3stata, <a href=\"https:\/\/www1.folha.uol.com.br\/equilibrioesaude\/2025\/11\/cancer-de-prostata-mata-48-homens-por-dia-no-brasil-apesar-de-alta-chance-de-cura.shtml\" rel=\"nofollow noopener\" target=\"\">doen\u00e7a que mata 48 homens por dia no Brasil<\/a>, apesar da alta chance de cura.<\/p>\n<p>&#8220;\u00c9 fundamental conscientizar a popula\u00e7\u00e3o masculina sobre a import\u00e2ncia do cuidado com a pr\u00f3pria sa\u00fade, e a \u2018Vita \u2013 C\u00e2ncer de Pr\u00f3stata\u2019 oferece informa\u00e7\u00f5es confi\u00e1veis e de qualidade, validadas por profissionais do S\u00edrio-Liban\u00eas&#8221;, diz Diogo Assed Bastos, oncologista cl\u00ednico do hospital.<\/p>\n<p>O usu\u00e1rio faz as perguntas que desejar, relacionadas ao c\u00e2ncer de pr\u00f3stata, e a plataforma traz resultados direcionados sobre sintomas, tratamentos e cuidados.<\/p>\n<p>O mecanismo \u00e9 baseado em processamento de linguagem natural, IA capaz de compreender a linguagem humana para gerar conte\u00fado. Os dados utilizados s\u00e3o baseados somente em documentos, guias e relat\u00f3rios do hospital, al\u00e9m de entrevistas da <strong>Folha<\/strong> feitas com m\u00e9dicos da entidade.<\/p>\n<p>Diversas respostas s\u00e3o acompanhadas de v\u00eddeos com m\u00e9dicos do hospital, gravados especialmente para a Vita.<\/p>\n<p>A intera\u00e7\u00e3o com a ferramenta n\u00e3o substitui exames e consultas, tampouco realiza diagn\u00f3sticos ou prescri\u00e7\u00f5es de tratamentos e medicamentos.<\/p>\n<p>Bastos afirma que o risco de c\u00e2ncer de pr\u00f3stata aumenta com a idade, por isso, \u00e9 preciso acompanhamento m\u00e9dico regular.<\/p>\n<p>Embora seja o segundo tumor mais frequente em homens, atr\u00e1s apenas do <a href=\"https:\/\/www1.folha.uol.com.br\/folha-topicos\/cancer\/\" rel=\"nofollow noopener\" target=\"_blank\">c\u00e2ncer<\/a> de pele n\u00e3o melanoma, o c\u00e2ncer de pr\u00f3stata ainda \u00e9<a href=\"https:\/\/www1.folha.uol.com.br\/equilibrioesaude\/2025\/08\/homens-sao-mais-propensos-a-adoecer-e-menos-dispostos-a-buscar-ajuda.shtml\" rel=\"nofollow noopener\" target=\"_blank\"> cercado por preconceito<\/a>, o que afasta os homens dos consult\u00f3rios.<\/p>\n<p>A<a href=\"https:\/\/www1.folha.uol.com.br\/equilibrioesaude\/vita\/\" rel=\"nofollow noopener\" target=\"_blank\"> primeira edi\u00e7\u00e3o de Vita<\/a>, publicada no Outubro Rosa de 2024, responde a perguntas sobre c\u00e2ncer de mama e conta com mais de 200 v\u00eddeos com oncologistas, mastologistas, radioterapeutas, patologista e geriatra, al\u00e9m de enfermeiras, psic\u00f3loga, fisioterapeuta, nutricionistas e consultora de imagem.<\/p>\n<p>Como em qualquer produto com IA, pode haver resultados inesperados.<\/p>\n<p>Esta reportagem faz parte do projeto Vita, desenvolvido com apoio do Hospital S\u00edrio-Liban\u00eas<\/p>\n","protected":false},"excerpt":{"rendered":"Nesta quinta-feira (6), a ferramenta de intelig\u00eancia artificial Vita, desenvolvida em parceria com o Hospital S\u00edrio Liban\u00eas, ganha&hellip;\n","protected":false},"author":2,"featured_media":141843,"comment_status":"","ping_status":"","sticky":false,"template":"","format":"standard","meta":{"footnotes":""},"categories":[86],"tags":[1776,2137,236,116,18140,933,1208,30387,32,33,117,110],"class_list":{"0":"post-141842","1":"post","2":"type-post","3":"status-publish","4":"format-standard","5":"has-post-thumbnail","7":"category-saude","8":"tag-cancer","9":"tag-cancer-de-prostata","10":"tag-folha","11":"tag-health","12":"tag-hospital-sirio-libanes","13":"tag-inteligencia-artificial","14":"tag-medicina","15":"tag-novembro-azul","16":"tag-portugal","17":"tag-pt","18":"tag-saude","19":"tag-tecnologia"},"share_on_mastodon":{"url":"https:\/\/pubeurope.com\/@pt\/115503519776797999","error":""},"_links":{"self":[{"href":"https:\/\/www.europesays.com\/pt\/wp-json\/wp\/v2\/posts\/141842","targetHints":{"allow":["GET"]}}],"collection":[{"href":"https:\/\/www.europesays.com\/pt\/wp-json\/wp\/v2\/posts"}],"about":[{"href":"https:\/\/www.europesays.com\/pt\/wp-json\/wp\/v2\/types\/post"}],"author":[{"embeddable":true,"href":"https:\/\/www.europesays.com\/pt\/wp-json\/wp\/v2\/users\/2"}],"replies":[{"embeddable":true,"href":"https:\/\/www.europesays.com\/pt\/wp-json\/wp\/v2\/comments?post=141842"}],"version-history":[{"count":0,"href":"https:\/\/www.europesays.com\/pt\/wp-json\/wp\/v2\/posts\/141842\/revisions"}],"wp:featuredmedia":[{"embeddable":true,"href":"https:\/\/www.europesays.com\/pt\/wp-json\/wp\/v2\/media\/141843"}],"wp:attachment":[{"href":"https:\/\/www.europesays.com\/pt\/wp-json\/wp\/v2\/media?parent=141842"}],"wp:term":[{"taxonomy":"category","embeddable":true,"href":"https:\/\/www.europesays.com\/pt\/wp-json\/wp\/v2\/categories?post=141842"},{"taxonomy":"post_tag","embeddable":true,"href":"https:\/\/www.europesays.com\/pt\/wp-json\/wp\/v2\/tags?post=141842"}],"curies":[{"name":"wp","href":"https:\/\/api.w.org\/{rel}","templated":true}]}}