{"id":141856,"date":"2025-11-06T15:53:09","date_gmt":"2025-11-06T15:53:09","guid":{"rendered":"https:\/\/www.europesays.com\/pt\/141856\/"},"modified":"2025-11-06T15:53:09","modified_gmt":"2025-11-06T15:53:09","slug":"irma-de-marisa-conta-detalhes-privados-da-relacao-da-concorrente-com-pedro-jorge-secret-story","status":"publish","type":"post","link":"https:\/\/www.europesays.com\/pt\/141856\/","title":{"rendered":"Irm\u00e3 de Marisa conta detalhes privados da rela\u00e7\u00e3o da concorrente com Pedro Jorge &#8211; Secret Story"},"content":{"rendered":"<p><strong>Marisa e Pedro t\u00eam sido protagonistas do Secret Story 9.<\/strong> O casal esteve de costas voltadas na \u00faltima semana e\u00a0<a href=\"https:\/\/tvi.iol.pt\/secretstory\/video\/mae-de-pedro-jorge-preve-possivel-instabilidade-no-casamento-de-marisa-e-pedro-jorge-sou-dessa-opiniao\/690c8dc40cf25591337603b7\" rel=\"nofollow noopener\" target=\"_blank\">a irm\u00e3 da concorrente comentou tudo o que se tem passado<\/a>.<\/p>\n<p>Regina, a m\u00e3e de Pedro Jorge, e Filipa, irm\u00e3 de Marisa,<a href=\"https:\/\/tvi.iol.pt\/secretstory\/video\/mae-de-pedro-jorge-sobre-a-proximidade-de-marisa-e-bruno-nao-consigo-ainda-perceber\/690c8c2a0cf28fe430485664\" rel=\"nofollow noopener\" target=\"_blank\"> estiveram esta manh\u00e3, 6 de novembro, no Dois \u00e0s 10<\/a>, e contaram como se sentiram com a situa\u00e7\u00e3o.<\/p>\n<p>\u00ab<strong>Nunca pensei que chegasse a este ponto, mas conhecendo a minha irm\u00e3 e o Pedro,<\/strong> sei que s\u00e3o muito ciumentos e que aquilo estava a acumular, mas nunca pensei que dissessem aquelas coisas\u00bb, disse a irm\u00e3 de Marisa.<\/p>\n<p>M\u00e3e de Pedro Jorge diz tudo o que pensa sobre as \u00faltimas discuss\u00f5es: \u00abO meu mundo desabou\u00bb <\/p>\n<p>A m\u00e3e de Pedro tamb\u00e9m comentou o tema: \u00abEu nunca vi palavras como aquelas que eu ouvi, nem do Pedro para a Marisa, nem da Marisa para o Pedro. Custou-me imenso estes \u00faltimos dias&#8230;\u00bb.<\/p>\n<p>Regina mostrou-se <a href=\"https:\/\/tvi.iol.pt\/secretstory\/video\/mae-de-pedro-jorge-recorda-momento-dificil-da-filha-de-marisa-e-pedro-jorge-foi-traumatico-para-ela\/690c88ab0cf229bd2f8d38ec\" rel=\"nofollow noopener\" target=\"_blank\">incomodada com as palavras que o filho usou nas discuss\u00f5es com a companheira<\/a>: \u00abO meu mundo desabou. Foi o desencadear de tudo o que aconteceu depois. Mas tamb\u00e9m cabe a eles perdoar ou n\u00e3o. Naquele momento, apareceu-me entrar e dar um par de nalgadas a cada um\u00bb.<\/p>\n<p>Na mesma conversa, a m\u00e3e de<a href=\"https:\/\/tvi.iol.pt\/secretstory\/video\/irma-de-marisa-reage-aos-ultimos-acontecimentos-na-casa-nunca-pensei-que-chegasse-a-este-ponto\/690c86b80cf28fe43048565c\" rel=\"nofollow noopener\" target=\"_blank\"> Pedro garantiu que n\u00e3o ficou muito contente com a entrada dos dois na casa<\/a>. \u00abMas pensei: &#8216;vamos ter de ir com eles, e vamos&#8217;\u00bb, disse.<\/p>\n<p>Contou ainda como \u00e9 que a filha mais velha do casal, Iara, que j\u00e1 tem seis anos, est\u00e1 a lidar com o facto de os pais estarem num reality show.<\/p>\n<p><strong>Veja tudo aqui:<\/strong><\/p>\n<p>Regina referiu que espera que <a href=\"https:\/\/tvi.iol.pt\/secretstory\/video\/irma-de-marisa-sobre-a-relacao-da-irma-com-pedro-jorge-sao-muito-ciumentos\/690c86ca0cf28fe43048565d\" rel=\"nofollow noopener\" target=\"_blank\">Pedro e Marisa consigam consolidar a rela\u00e7\u00e3o ainda dentro do Secret Story,<\/a> sob a possibilidade de o &#8216;casamento&#8217; tremer c\u00e1 fora se as coisas n\u00e3o ficarem bem resolvidas.<\/p>\n<p>\u00abEu sou dessa opini\u00e3o. Um dos conselhos que eu dei foi que, quando sa\u00edssem, n\u00e3o vissem o programa e esquecessem tudo, ainda longe de adivinhar. Mas eles s\u00f3 t\u00eam mesmo duas op\u00e7\u00f5es: ou esquecer e recome\u00e7ar ou olharem e decidirem como \u00e9 que querem que seja o relacionamento deles\u00bb, confidenciou.<\/p>\n<p><strong>Pode ver as declara\u00e7\u00f5es aqui:<\/strong><\/p>\n","protected":false},"excerpt":{"rendered":"Marisa e Pedro t\u00eam sido protagonistas do Secret Story 9. O casal esteve de costas voltadas na \u00faltima&hellip;\n","protected":false},"author":2,"featured_media":141857,"comment_status":"","ping_status":"","sticky":false,"template":"","format":"standard","meta":{"footnotes":""},"categories":[142],"tags":[114,115,19184,18800,14646,32,33,151,162,18801],"class_list":{"0":"post-141856","1":"post","2":"type-post","3":"status-publish","4":"format-standard","5":"has-post-thumbnail","7":"category-tv","8":"tag-entertainment","9":"tag-entretenimento","10":"tag-marisa","11":"tag-momentos-virais-secret-story","12":"tag-pedro","13":"tag-portugal","14":"tag-pt","15":"tag-tv","16":"tag-tvi","17":"tag-videos-virais-concorrentes"},"share_on_mastodon":{"url":"https:\/\/pubeurope.com\/@pt\/115503563231336064","error":""},"_links":{"self":[{"href":"https:\/\/www.europesays.com\/pt\/wp-json\/wp\/v2\/posts\/141856","targetHints":{"allow":["GET"]}}],"collection":[{"href":"https:\/\/www.europesays.com\/pt\/wp-json\/wp\/v2\/posts"}],"about":[{"href":"https:\/\/www.europesays.com\/pt\/wp-json\/wp\/v2\/types\/post"}],"author":[{"embeddable":true,"href":"https:\/\/www.europesays.com\/pt\/wp-json\/wp\/v2\/users\/2"}],"replies":[{"embeddable":true,"href":"https:\/\/www.europesays.com\/pt\/wp-json\/wp\/v2\/comments?post=141856"}],"version-history":[{"count":0,"href":"https:\/\/www.europesays.com\/pt\/wp-json\/wp\/v2\/posts\/141856\/revisions"}],"wp:featuredmedia":[{"embeddable":true,"href":"https:\/\/www.europesays.com\/pt\/wp-json\/wp\/v2\/media\/141857"}],"wp:attachment":[{"href":"https:\/\/www.europesays.com\/pt\/wp-json\/wp\/v2\/media?parent=141856"}],"wp:term":[{"taxonomy":"category","embeddable":true,"href":"https:\/\/www.europesays.com\/pt\/wp-json\/wp\/v2\/categories?post=141856"},{"taxonomy":"post_tag","embeddable":true,"href":"https:\/\/www.europesays.com\/pt\/wp-json\/wp\/v2\/tags?post=141856"}],"curies":[{"name":"wp","href":"https:\/\/api.w.org\/{rel}","templated":true}]}}