{"id":141878,"date":"2025-11-06T16:05:19","date_gmt":"2025-11-06T16:05:19","guid":{"rendered":"https:\/\/www.europesays.com\/pt\/141878\/"},"modified":"2025-11-06T16:05:19","modified_gmt":"2025-11-06T16:05:19","slug":"em-toquio-uma-minicasa-surpreende-pela-forma-pelo-interior-em-betao-idealista-news","status":"publish","type":"post","link":"https:\/\/www.europesays.com\/pt\/141878\/","title":{"rendered":"Em T\u00f3quio uma minicasa surpreende pela forma pelo interior em bet\u00e3o \u2014 idealista\/news"},"content":{"rendered":"<p>As minicasas, tamb\u00e9m conhecidas como <strong>tiny houses<\/strong>, deixaram de ser uma tend\u00eancia alternativa para se tornarem uma resposta real aos problemas de espa\u00e7o das grandes cidades.\u00a0<\/p>\n<p>Em <strong>T\u00f3quio<\/strong>, por exemplo, onde o solo \u00e9 escasso e os pre\u00e7os disparam, esta pequena arquitetura oferece solu\u00e7\u00f5es funcionais e novas oportunidades criativas para repensar o conceito de lar.<\/p>\n<p>Isto deve-se ao facto de estes espa\u00e7os compactos exigirem um planeamento cuidadoso, a defini\u00e7\u00e3o de prioridades e a transforma\u00e7\u00e3o de cada metro quadrado num <strong>exerc\u00edcio de engenho<\/strong>.<\/p>\n<p>Foi exatamente assim que o arquiteto japon\u00eas <a href=\"https:\/\/www.hosakatakeshi.com\/\" rel=\"nofollow noopener\" target=\"_blank\">Takeshi Hosaka<\/a> interpretou o desafio, levando este conceito ao extremo com o projeto <strong>Love2 House<\/strong>, uma habita\u00e7\u00e3o com apenas 19 m\u00b2.<\/p>\n<p>Um desafio transformado em oportunidade<\/p>\n<p>A hist\u00f3ria desta casa remonta ao momento em que o arquiteto e a sua esposa se mudaram para T\u00f3quio depois de viverem uma d\u00e9cada em Yokohama. A sua antiga casa chamava-se Love House e tinha <strong>apenas 38 m\u00b2<\/strong>.<\/p>\n<p>A necessidade de estar mais perto do trabalho na Universidade de Arte e Arquitetura de Waseda levou-o a adquirir um min\u00fasculo terreno de apenas 31 m\u00b2 no distrito de Bunkyo. Foi a\u00ed que nasceu a Love2 House, uma continua\u00e7\u00e3o do projeto de vida do casal, mas agora numa<a href=\"https:\/\/www.idealista.pt\/news\/ferias\/viagens\/2025\/09\/08\/70571-podemos-viver-num-metro-de-largura-eis-as-casas-mais-pequenas-do-mundo\" target=\"_blank\" rel=\"nofollow noopener\"> escala ainda mais reduzida<\/a>.<\/p>\n<p>Como se pode imaginar, o maior desafio do projeto foi criar um espa\u00e7o que n\u00e3o se tornasse claustrof\u00f3bico numa \u00e1rea t\u00e3o limitada. Para isso, Hosaka inspirou-se nas<strong> antigas vilas romanas<\/strong>, que davam grande import\u00e2ncia aos espa\u00e7os dedicados ao estudo, \u00e0 m\u00fasica, ao teatro ou ao banho.\u00a0<\/p>\n<p>O arquiteto quis transportar esses mesmos princ\u00edpios para o seu pequeno lar, integrando as atividades que ele e a esposa mais valorizam: comer juntos, ler, tomar banho diariamente e ouvir discos de vinil.<\/p>\n<p>Para o arquiteto, \u201ceste conceito levou-me a desenhar o esbo\u00e7o de dois telhados curvos abertos para o c\u00e9u\u201d. Esta solu\u00e7\u00e3o resolvia tanto os problemas funcionais como os est\u00e9ticos. Assim, durante os tr\u00eas meses de inverno, a casa n\u00e3o recebe luz solar direta, e as duas clarab\u00f3ias permitem a entrada de uma luz suave no ver\u00e3o, inundam o interior com uma <a href=\"https:\/\/www.idealista.pt\/news\/imobiliario\/habitacao\/2024\/07\/23\/64821-uma-casa-sobre-rodas-inspirada-no-universo-cosmico-do-alentejo\" target=\"_blank\" rel=\"nofollow noopener\">luminosidade<\/a> vibrante que evoca os climas tropicais.<\/p>\n<p>Os telhados foram desenhados para se integrarem na <strong>paisagem urbana<\/strong>. Nos seus bordos inferiores apresentam uma linha plana que respeita a est\u00e9tica dos edif\u00edcios vizinhos, mas curvam-se progressivamente para cima, criando aberturas em arco.\u00a0<\/p>\n<p>No exterior est\u00e3o revestidos com <strong>pain\u00e9is de alum\u00ednio galvanizado<\/strong>, enquanto no interior se mant\u00e9m o bet\u00e3o armado \u00e0 vista, criando um ambiente unificado e coerente.<\/p>\n<p>Interior compacto e aberto<\/p>\n<p>Apesar do seu tamanho, a Love2 House surpreende pela <strong>amplitude visual <\/strong>criada pelos <strong>telhados inclinados<\/strong> e pelo uso cuidado da luz. Sete divis\u00f3rias estrategicamente colocadas separam o espa\u00e7o nas diferentes zonas &#8211; cozinha, sala de jantar e quartos, sem sacrificar a sensa\u00e7\u00e3o de continuidade.<\/p>\n<p>A chave est\u00e1 na<strong> liga\u00e7\u00e3o entre o interior e o exterior<\/strong>, conseguida atrav\u00e9s das claraboias e de uma grande porta de correr que abre a sala principal para a rua. Quando essa porta se move, a casa integra-se literalmente na paisagem urbana, e a proximidade com a estrada transforma a sala de jantar numa extens\u00e3o do passeio &#8211; por isso, n\u00e3o \u00e9 raro que os transeuntes parem para conversar com o casal enquanto estes desfrutam de uma refei\u00e7\u00e3o.<\/p>\n<p>Este contacto quotidiano refor\u00e7a a filosofia de Hosaka, que v\u00ea \u201ca habita\u00e7\u00e3o n\u00e3o apenas como um ref\u00fagio privado, mas tamb\u00e9m como um <strong>ponto de encontro com a comunidade<\/strong>\u201d.<\/p>\n<p dir=\"ltr\">No interior, a protagonista \u00e9 a <strong>simplicidade<\/strong>. O bet\u00e3o \u00e0 vista confere coes\u00e3o e a altura dos tetos aumenta a perce\u00e7\u00e3o de espa\u00e7o. Nada \u00e9 deixado ao acaso, tudo foi pensado para que a vida flua naturalmente, desde a disposi\u00e7\u00e3o da zona de refei\u00e7\u00f5es at\u00e9 \u00e0 organiza\u00e7\u00e3o dos quartos, passando pelos espa\u00e7os dedicados \u00e0s pequenas rotinas que definem o bem-estar do casal.<\/p>\n","protected":false},"excerpt":{"rendered":"As minicasas, tamb\u00e9m conhecidas como tiny houses, deixaram de ser uma tend\u00eancia alternativa para se tornarem uma resposta&hellip;\n","protected":false},"author":2,"featured_media":141879,"comment_status":"","ping_status":"","sticky":false,"template":"","format":"standard","meta":{"footnotes":""},"categories":[144],"tags":[207,205,206,203,201,202,204,114,115,32,33],"class_list":{"0":"post-141878","1":"post","2":"type-post","3":"status-publish","4":"format-standard","5":"has-post-thumbnail","7":"category-arte-e-design","8":"tag-arte","9":"tag-arte-e-design","10":"tag-artedesign","11":"tag-arts","12":"tag-arts-and-design","13":"tag-artsanddesign","14":"tag-design","15":"tag-entertainment","16":"tag-entretenimento","17":"tag-portugal","18":"tag-pt"},"share_on_mastodon":{"url":"https:\/\/pubeurope.com\/@pt\/115503610132574562","error":""},"_links":{"self":[{"href":"https:\/\/www.europesays.com\/pt\/wp-json\/wp\/v2\/posts\/141878","targetHints":{"allow":["GET"]}}],"collection":[{"href":"https:\/\/www.europesays.com\/pt\/wp-json\/wp\/v2\/posts"}],"about":[{"href":"https:\/\/www.europesays.com\/pt\/wp-json\/wp\/v2\/types\/post"}],"author":[{"embeddable":true,"href":"https:\/\/www.europesays.com\/pt\/wp-json\/wp\/v2\/users\/2"}],"replies":[{"embeddable":true,"href":"https:\/\/www.europesays.com\/pt\/wp-json\/wp\/v2\/comments?post=141878"}],"version-history":[{"count":0,"href":"https:\/\/www.europesays.com\/pt\/wp-json\/wp\/v2\/posts\/141878\/revisions"}],"wp:featuredmedia":[{"embeddable":true,"href":"https:\/\/www.europesays.com\/pt\/wp-json\/wp\/v2\/media\/141879"}],"wp:attachment":[{"href":"https:\/\/www.europesays.com\/pt\/wp-json\/wp\/v2\/media?parent=141878"}],"wp:term":[{"taxonomy":"category","embeddable":true,"href":"https:\/\/www.europesays.com\/pt\/wp-json\/wp\/v2\/categories?post=141878"},{"taxonomy":"post_tag","embeddable":true,"href":"https:\/\/www.europesays.com\/pt\/wp-json\/wp\/v2\/tags?post=141878"}],"curies":[{"name":"wp","href":"https:\/\/api.w.org\/{rel}","templated":true}]}}