{"id":141882,"date":"2025-11-06T16:08:08","date_gmt":"2025-11-06T16:08:08","guid":{"rendered":"https:\/\/www.europesays.com\/pt\/141882\/"},"modified":"2025-11-06T16:08:08","modified_gmt":"2025-11-06T16:08:08","slug":"blackpink-em-janeiro-yg-entertainment-confirma-data-de-comeback","status":"publish","type":"post","link":"https:\/\/www.europesays.com\/pt\/141882\/","title":{"rendered":"BLACKPINK em janeiro? YG Entertainment confirma data de comeback"},"content":{"rendered":"<p>O retorno do <a href=\"https:\/\/recreio.com.br\/tags\/blackpink\" rel=\"nofollow noopener\" target=\"_blank\">BLACKPINK<\/a> agora \u00e9 oficial e j\u00e1 tem data para acontecer: a <a href=\"https:\/\/www.instagram.com\/yg_ent_official\/\" rel=\"nofollow noopener\" target=\"_blank\">YG Entertainment<\/a> confirmou quando o girlgroup far\u00e1 seu retorno oficial com single novo e uma nova era. Saiba tudo logo abaixo!<\/p>\n<p>Um representante da YG Entertainment confirmou para o All K-Pop na manh\u00e3 desta quinta-feira (6) que o grupo retornar\u00e1 em janeiro de 2026. Na declara\u00e7\u00e3o, o representante de <strong>Jisoo<\/strong>, <strong>Ros\u00e9<\/strong>, <strong>Jennie<\/strong> e <strong>Lisa<\/strong> afirmou que o novo projeto do grupo j\u00e1 est\u00e1 em processo de finaliza\u00e7\u00e3o e que, em breve, um an\u00fancio oficial ocorrer\u00e1:<\/p>\n<blockquote>\n<p class=\"pf0\">\u00a0\u201cO \u00e1lbum est\u00e1 na fase final de produ\u00e7\u00e3o. Assim que todos os preparativos estiverem conclu\u00eddos, divulgaremos a not\u00edcia por meio de um an\u00fancio oficial de lan\u00e7amento.\u201d<\/p>\n<\/blockquote>\n<p>O All K-Pop, anteriormente, tinha consultado fontes de que o comeback teria agenda para em 2025, mais precisamente em 2025. Por\u00e9m, o projeto foi adiado para refinar as faixas e entregar o melhor resultado poss\u00edvel. Ap\u00f3s 3 anos sem lan\u00e7ar nenhum \u00e1lbum e tendo quebrado o hiato com \u201cJump\u201d, o novo projeto promete ser mais um sucesso do grupo. Um MV j\u00e1 teria sido gravado ainda em outubro.<\/p>\n<p>\t Mais sobre BLACKPINK <\/p>\n<p data-mrf-recirculation=\".Corpo do artigo\">As vocalistas lan\u00e7aram\u00a0<a href=\"https:\/\/open.spotify.com\/track\/5H1sKFMzDeMtXwND3V6hRY\" data-mrf-link=\"https:\/\/open.spotify.com\/track\/5H1sKFMzDeMtXwND3V6hRY\" rel=\"nofollow noopener\" target=\"_blank\">\u201cJump\u201d<\/a>\u00a0em julho deste ano, um buzz single ap\u00f3s o hiato de tr\u00eas anos sem lan\u00e7ar nada in\u00e9dito desde do \u00e1lbum \u201cBorn Pink\u201d. No meio disso tudo, as integrantes foram apostando na carreira solo:\u00a0<strong>Ros\u00e9<\/strong>\u00a0fez um estrondoso sucesso ao lado de\u00a0<strong>Bruno Mars<\/strong>\u00a0com \u201cAPT.\u201d;\u00a0<strong>Jennie<\/strong>\u00a0lan\u00e7ou \u201cRuby\u201d, seu primeiro \u00e1lbum solo;\u00a0<strong>Jisoo<\/strong>\u00a0lan\u00e7ou o EP \u201cAMORTAGE\u201d e, recentemente, um feat com o ex-One Direction,\u00a0<strong>Zayn<\/strong>\u00a0(\u201cEyes Closed\u201d) e\u00a0<strong>Lisa<\/strong>\u00a0lan\u00e7ou o \u00e1lbum \u201cAlter Ego\u201d e um feat de sucesso que rendeu uma performance no Oscar ao lado de\u00a0<strong>RAYE<\/strong>\u00a0e<strong>\u00a0Doja Cat<\/strong>\u00a0(\u201cBorn Again\u201d) para homenagear a franquia \u201c007\u201d.<\/p>\n<p data-mrf-recirculation=\".Corpo do artigo\">O\u00a0<a href=\"https:\/\/pt.wikipedia.org\/wiki\/Blackpink\" data-mrf-link=\"https:\/\/pt.wikipedia.org\/wiki\/Blackpink\" rel=\"nofollow noopener\" target=\"_blank\">BLACKPINK<\/a>\u00a0tamb\u00e9m deu in\u00edcio a \u201cDEADLINE\u201d, uma turn\u00ea mundial que tem, at\u00e9 o momento, shows marcados at\u00e9 2026. O comeback do grupo \u00e9 aguardado por f\u00e3s de todo o mundo e deve trazer mais alguns hits para a girlband. Recentemente, as meninas foram citadas como uma inspira\u00e7\u00e3o para uma das faixas de \u201cGuerreiras do K-Pop\u201d (\u201cHow Its Done\u201d). Segundo o produtor musical\u00a0<strong>Ian Eisendratrh<\/strong>, sucesso da Netflix e da Sony Animation buscou inspira\u00e7\u00e3o na forma que as faixas do grupo s\u00e3o hits instant\u00e2neos<\/p>\n<p>\t                                            <script async src=\"\/\/www.instagram.com\/embed.js\"><\/script><\/p>\n","protected":false},"excerpt":{"rendered":"O retorno do BLACKPINK agora \u00e9 oficial e j\u00e1 tem data para acontecer: a YG Entertainment confirmou quando&hellip;\n","protected":false},"author":2,"featured_media":141883,"comment_status":"","ping_status":"","sticky":false,"template":"","format":"standard","meta":{"footnotes":""},"categories":[141],"tags":[3194,3600,114,115,1688,149,150,32,33],"class_list":{"0":"post-141882","1":"post","2":"type-post","3":"status-publish","4":"format-standard","5":"has-post-thumbnail","7":"category-musica","8":"tag-blackpink","9":"tag-comeback","10":"tag-entertainment","11":"tag-entretenimento","12":"tag-k-pop","13":"tag-music","14":"tag-musica","15":"tag-portugal","16":"tag-pt"},"share_on_mastodon":{"url":"https:\/\/pubeurope.com\/@pt\/115503621948730632","error":""},"_links":{"self":[{"href":"https:\/\/www.europesays.com\/pt\/wp-json\/wp\/v2\/posts\/141882","targetHints":{"allow":["GET"]}}],"collection":[{"href":"https:\/\/www.europesays.com\/pt\/wp-json\/wp\/v2\/posts"}],"about":[{"href":"https:\/\/www.europesays.com\/pt\/wp-json\/wp\/v2\/types\/post"}],"author":[{"embeddable":true,"href":"https:\/\/www.europesays.com\/pt\/wp-json\/wp\/v2\/users\/2"}],"replies":[{"embeddable":true,"href":"https:\/\/www.europesays.com\/pt\/wp-json\/wp\/v2\/comments?post=141882"}],"version-history":[{"count":0,"href":"https:\/\/www.europesays.com\/pt\/wp-json\/wp\/v2\/posts\/141882\/revisions"}],"wp:featuredmedia":[{"embeddable":true,"href":"https:\/\/www.europesays.com\/pt\/wp-json\/wp\/v2\/media\/141883"}],"wp:attachment":[{"href":"https:\/\/www.europesays.com\/pt\/wp-json\/wp\/v2\/media?parent=141882"}],"wp:term":[{"taxonomy":"category","embeddable":true,"href":"https:\/\/www.europesays.com\/pt\/wp-json\/wp\/v2\/categories?post=141882"},{"taxonomy":"post_tag","embeddable":true,"href":"https:\/\/www.europesays.com\/pt\/wp-json\/wp\/v2\/tags?post=141882"}],"curies":[{"name":"wp","href":"https:\/\/api.w.org\/{rel}","templated":true}]}}