{"id":141894,"date":"2025-11-06T16:20:07","date_gmt":"2025-11-06T16:20:07","guid":{"rendered":"https:\/\/www.europesays.com\/pt\/141894\/"},"modified":"2025-11-06T16:20:07","modified_gmt":"2025-11-06T16:20:07","slug":"freguesias-de-sete-concelhos-sem-electricidade-no-domingo-devido-a-trabalhos-na-rede-energia","status":"publish","type":"post","link":"https:\/\/www.europesays.com\/pt\/141894\/","title":{"rendered":"Freguesias de sete concelhos sem electricidade no domingo devido a trabalhos na rede | Energia"},"content":{"rendered":"<p>Os munic\u00edpios de Lisboa, Oeiras, Sintra, Tomar, Faro, Lagos e Olh\u00e3o v\u00e3o ficar sem fornecimento de electricidade no domingo, 9 de Novembro, entre as 5h e as 11h, devido a trabalhos na rede de distribui\u00e7\u00e3o, informou esta quinta-feira, 6, a operadora E-Redes.<\/p>\n<p>Numa <a href=\"https:\/\/www.e-redes.pt\/pt-pt\/noticias\/2025\/11\/05\/interrupcoes-programadas-9-de-novembro\" target=\"_blank\" rel=\"nofollow noopener\">nota publicada<\/a> no site, a E-Redes explica que se trata de &#8220;interrup\u00e7\u00f5es programadas, previamente agendadas&#8221;, com o objectivo de &#8220;garantir a qualidade e a fiabilidade do servi\u00e7o el\u00e9ctrico&#8221;.<\/p>\n<p>&#8220;Manter a continuidade e qualidade do fornecimento de energia el\u00e9ctrica \u00e9 a prioridade da E-Redes. Para tal, efectuamos trabalhos localizados na rede de distribui\u00e7\u00e3o, sendo necess\u00e1rio proceder \u00e0 interrup\u00e7\u00e3o pontual da alimenta\u00e7\u00e3o de energia el\u00e9ctrica aos clientes&#8221;, explica a <a href=\"https:\/\/www.e-redes.pt\/pt-pt\/o-que-fazemos\/qualidade-de-servico\/consulte-interrupcoes-agendadas\" rel=\"nofollow noopener\" target=\"_blank\">nota<\/a>.<\/p>\n<p>Os munic\u00edpios afectados por esta interven\u00e7\u00e3o s\u00e3o os de Lisboa, Oeiras e Sintra (no distrito de Lisboa), Tomar (distrito de Santar\u00e9m) e Faro, Lagos e Olh\u00e3o (distrito de Faro).<\/p>\n<p>No caso de Lisboa, ser\u00e1 afectada a freguesia de Campolide, na Avenida Conselheiro Fernando de Sousa e na Rua Professor Sousa da C\u00e2mara, estando o corte programado para ocorrer entre as 5h e as 11h.<\/p>\n<p>Em Oeiras, a interrup\u00e7\u00e3o do fornecimento de electricidade ir\u00e1 ter lugar na Uni\u00e3o de Freguesias de Alg\u00e9s, Linda-a-Velha E Cruz Quebrada-Dafundo entre as 7h e as 11h.<\/p>\n<p>No concelho de Sintra, os trabalhos v\u00e3o afectar a Uni\u00e3o das Freguesias de S\u00e3o Jo\u00e3o das Lampas e Terrugem entre as 6h e as 11h, enquanto no de Tomar ser\u00e3o afectadas as freguesias de S\u00e3o Jo\u00e3o Baptista e Santa Maria dos Olivais, entre as 6h e as 7h.<\/p>\n<p>No Algarve, est\u00e3o previstos cortes nas freguesias de Montenegro (Faro), Quelfes (Olh\u00e3o) e S\u00e3o Gon\u00e7alo de Lagos (Lagos), entre as 7h e as 11h.<\/p>\n<p>&#8220;Nestas interrup\u00e7\u00f5es s\u00e3o realizadas manobras, trabalhos de liga\u00e7\u00e3o, repara\u00e7\u00e3o ou conserva\u00e7\u00e3o de infra-estruturas de rede, sempre que estiverem esgotadas todas as possibilidades de alimenta\u00e7\u00e3o alternativa a partir de instala\u00e7\u00f5es existentes&#8221;, indica a E-Redes. Segundo a operadora, &#8220;estas interrup\u00e7\u00f5es servem, igualmente, para corrigir situa\u00e7\u00f5es que podem gerar inseguran\u00e7a da rede el\u00e9ctrica e\/ou preven\u00e7\u00e3o de avarias&#8221;.<\/p>\n<p>Os consumidores poder\u00e3o consultar os locais e hor\u00e1rios das interrup\u00e7\u00f5es atrav\u00e9s do <a href=\"https:\/\/www.e-redes.pt\/pt-pt\/o-que-fazemos\/qualidade-de-servico\/consulte-interrupcoes-agendadas\" target=\"_blank\" rel=\"nofollow noopener\">site <\/a>da E-Redes.<\/p>\n","protected":false},"excerpt":{"rendered":"Os munic\u00edpios de Lisboa, Oeiras, Sintra, Tomar, Faro, Lagos e Olh\u00e3o v\u00e3o ficar sem fornecimento de electricidade no&hellip;\n","protected":false},"author":2,"featured_media":141895,"comment_status":"","ping_status":"","sticky":false,"template":"","format":"standard","meta":{"footnotes":""},"categories":[10],"tags":[27,28,4212,476,10588,90,2270,15,16,14,25,26,352,21,22,12,13,19,20,32,23,24,33,17,18,29,30,31],"class_list":{"0":"post-141894","1":"post","2":"type-post","3":"status-publish","4":"format-standard","5":"has-post-thumbnail","7":"category-portugal","8":"tag-breaking-news","9":"tag-breakingnews","10":"tag-consumo","11":"tag-economia","12":"tag-electricidade","13":"tag-empresas","14":"tag-energia","15":"tag-featured-news","16":"tag-featurednews","17":"tag-headlines","18":"tag-latest-news","19":"tag-latestnews","20":"tag-local","21":"tag-main-news","22":"tag-mainnews","23":"tag-news","24":"tag-noticias","25":"tag-noticias-principais","26":"tag-noticiasprincipais","27":"tag-portugal","28":"tag-principais-noticias","29":"tag-principaisnoticias","30":"tag-pt","31":"tag-top-stories","32":"tag-topstories","33":"tag-ultimas","34":"tag-ultimas-noticias","35":"tag-ultimasnoticias"},"share_on_mastodon":{"url":"https:\/\/pubeurope.com\/@pt\/115503669113155914","error":""},"_links":{"self":[{"href":"https:\/\/www.europesays.com\/pt\/wp-json\/wp\/v2\/posts\/141894","targetHints":{"allow":["GET"]}}],"collection":[{"href":"https:\/\/www.europesays.com\/pt\/wp-json\/wp\/v2\/posts"}],"about":[{"href":"https:\/\/www.europesays.com\/pt\/wp-json\/wp\/v2\/types\/post"}],"author":[{"embeddable":true,"href":"https:\/\/www.europesays.com\/pt\/wp-json\/wp\/v2\/users\/2"}],"replies":[{"embeddable":true,"href":"https:\/\/www.europesays.com\/pt\/wp-json\/wp\/v2\/comments?post=141894"}],"version-history":[{"count":0,"href":"https:\/\/www.europesays.com\/pt\/wp-json\/wp\/v2\/posts\/141894\/revisions"}],"wp:featuredmedia":[{"embeddable":true,"href":"https:\/\/www.europesays.com\/pt\/wp-json\/wp\/v2\/media\/141895"}],"wp:attachment":[{"href":"https:\/\/www.europesays.com\/pt\/wp-json\/wp\/v2\/media?parent=141894"}],"wp:term":[{"taxonomy":"category","embeddable":true,"href":"https:\/\/www.europesays.com\/pt\/wp-json\/wp\/v2\/categories?post=141894"},{"taxonomy":"post_tag","embeddable":true,"href":"https:\/\/www.europesays.com\/pt\/wp-json\/wp\/v2\/tags?post=141894"}],"curies":[{"name":"wp","href":"https:\/\/api.w.org\/{rel}","templated":true}]}}