{"id":141898,"date":"2025-11-06T16:23:08","date_gmt":"2025-11-06T16:23:08","guid":{"rendered":"https:\/\/www.europesays.com\/pt\/141898\/"},"modified":"2025-11-06T16:23:08","modified_gmt":"2025-11-06T16:23:08","slug":"camareira-agredida-por-dado-dolabella-luta-por-indenizacao-ha-12-anos","status":"publish","type":"post","link":"https:\/\/www.europesays.com\/pt\/141898\/","title":{"rendered":"Camareira agredida por Dado Dolabella luta por indeniza\u00e7\u00e3o h\u00e1 12 anos"},"content":{"rendered":"\n<p>Esmeralda de Souza Hon\u00f3rio, 74, a Dona Esm\u00ea, aguarda o pagamento da indeniza\u00e7\u00e3o por danos morais devida por Dado Dolabella h\u00e1 12 anos. Hoje aposentada, ela era camareira de Luana Piovani em 2009, quando ambas foram agredidas pelo ator.<\/p>\n<p>&#8220;No dia da estreia da pe\u00e7a dela [Luana], ele come\u00e7ou a implicar com o decote dela. Queria porque queria que eu costurasse o decote para fechar. Ela n\u00e3o permitiu&#8221;, contou em entrevista a Splash.<\/p>\n<p>Depois da pe\u00e7a, todos foram a um coquetel. &#8220;Quando j\u00e1 tava na metade [do evento], o Dado come\u00e7ou a encher o saco porque queria voltar para casa. Ela falou: &#8216;Dado, eu n\u00e3o posso sair agora porque eu t\u00f4 esperando os patrocinadores. Mas j\u00e1 que voc\u00ea quer ir, t\u00e1 aqui a chave'&#8221;.<\/p>\n<p>&#8220;Na hora que ela entregou a chave para ele, ele deu um tapa na cara dela que ficou a marca do rel\u00f3gio no pesco\u00e7o dela. [&#8230;] Corri para levant\u00e1-la, ele me deu um empurr\u00e3o. Foi a\u00ed que quebrei uma das m\u00e3os, a outra at\u00e9 hoje est\u00e1 inutilizada, eu n\u00e3o consigo abrir nem um refrigerante&#8221;.\u00a0<\/p>\n<p>Em decorr\u00eancia das sequelas, Dona Esm\u00ea ficou meses impossibilitada de trabalhar. A Justi\u00e7a do Rio condenou Dado Dolabella a indeniz\u00e1-la em R$ 40 mil em 2013, valor que nunca foi pago.<\/p>\n<p>A reportagem apurou que mesmo sob ordem de ter os bens penhorados, nada foi encontrado em nome do ator. Quatro anos antes, no mesmo ano da agress\u00e3o contra Piovani e Esmeralda, Dado foi o campe\u00e3o da primeira edi\u00e7\u00e3o de A Fazenda, e levou o pr\u00eamio de R$ 1 milh\u00e3o.<\/p>\n<p>Dado chegou a ganhar em primeira inst\u00e2ncia um processo trabalhista movido contra Record, que renderia ao artista uma indeniza\u00e7\u00e3o de mais de R$ 100 mil. A defesa de Esmeralda solicitou a penhora desse valor, mas a Record entrou com recurso e venceu a a\u00e7\u00e3o na segunda inst\u00e2ncia.<\/p>\n<p>Devido aos juros pelo atraso no pagamento, a indeniza\u00e7\u00e3o de Esmeralda j\u00e1 estava em cerca de R$ 119 mil em 2017. Corrigido pelo \u00edndice IPCA, a quantia j\u00e1 chega a R$ 180 mil hoje.<\/p>\n<p>Em entrevista ao Domingo Espetacular (Record), Dado disse n\u00e3o ter dinheiro para pagar a indeniza\u00e7\u00e3o. &#8220;Eu n\u00e3o vou pagar. Como que vou pagar se eu n\u00e3o tenho dinheiro? Se a pessoa destruiu a minha imagem, de onde vou arrumar dinheiro?&#8221;, afirmou em entrevista a Cabrini.<\/p>\n<p>Splash tentou contato com Dado Dolabella e com a assessoria de imprensa dele, mas n\u00e3o teve retorno. O espa\u00e7o segue aberto caso o ator queira se pronunciar.<\/p>\n","protected":false},"excerpt":{"rendered":"Esmeralda de Souza Hon\u00f3rio, 74, a Dona Esm\u00ea, aguarda o pagamento da indeniza\u00e7\u00e3o por danos morais devida por&hellip;\n","protected":false},"author":2,"featured_media":141899,"comment_status":"","ping_status":"","sticky":false,"template":"","format":"standard","meta":{"footnotes":""},"categories":[145],"tags":[5571,31433,211,210,12683,114,115,749,32,33],"class_list":{"0":"post-141898","1":"post","2":"type-post","3":"status-publish","4":"format-standard","5":"has-post-thumbnail","7":"category-celebridades","8":"tag-agressao","9":"tag-camareira","10":"tag-celebridades","11":"tag-celebrities","12":"tag-dado-dolabella","13":"tag-entertainment","14":"tag-entretenimento","15":"tag-indenizacao","16":"tag-portugal","17":"tag-pt"},"share_on_mastodon":{"url":"https:\/\/pubeurope.com\/@pt\/115503680895545101","error":""},"_links":{"self":[{"href":"https:\/\/www.europesays.com\/pt\/wp-json\/wp\/v2\/posts\/141898","targetHints":{"allow":["GET"]}}],"collection":[{"href":"https:\/\/www.europesays.com\/pt\/wp-json\/wp\/v2\/posts"}],"about":[{"href":"https:\/\/www.europesays.com\/pt\/wp-json\/wp\/v2\/types\/post"}],"author":[{"embeddable":true,"href":"https:\/\/www.europesays.com\/pt\/wp-json\/wp\/v2\/users\/2"}],"replies":[{"embeddable":true,"href":"https:\/\/www.europesays.com\/pt\/wp-json\/wp\/v2\/comments?post=141898"}],"version-history":[{"count":0,"href":"https:\/\/www.europesays.com\/pt\/wp-json\/wp\/v2\/posts\/141898\/revisions"}],"wp:featuredmedia":[{"embeddable":true,"href":"https:\/\/www.europesays.com\/pt\/wp-json\/wp\/v2\/media\/141899"}],"wp:attachment":[{"href":"https:\/\/www.europesays.com\/pt\/wp-json\/wp\/v2\/media?parent=141898"}],"wp:term":[{"taxonomy":"category","embeddable":true,"href":"https:\/\/www.europesays.com\/pt\/wp-json\/wp\/v2\/categories?post=141898"},{"taxonomy":"post_tag","embeddable":true,"href":"https:\/\/www.europesays.com\/pt\/wp-json\/wp\/v2\/tags?post=141898"}],"curies":[{"name":"wp","href":"https:\/\/api.w.org\/{rel}","templated":true}]}}