{"id":141916,"date":"2025-11-06T16:39:08","date_gmt":"2025-11-06T16:39:08","guid":{"rendered":"https:\/\/www.europesays.com\/pt\/141916\/"},"modified":"2025-11-06T16:39:08","modified_gmt":"2025-11-06T16:39:08","slug":"taylor-momsen-revela-que-fazer-parte-de-gossip-girl-estava-fazendo-mal-a-ela-06-11-2025","status":"publish","type":"post","link":"https:\/\/www.europesays.com\/pt\/141916\/","title":{"rendered":"Taylor Momsen revela que fazer parte de Gossip Girl estava fazendo mal a ela &#8211; 06\/11\/2025"},"content":{"rendered":"<p>Durante a sua participa\u00e7\u00e3o no podcast Call Her Daddy, Taylor Momsen abriu o cora\u00e7\u00e3o para falar sobre a sua decis\u00e3o de sair de Gossip Girl e como estava infeliz por fazer algo que ela n\u00e3o gostava.<\/p>\n<p>Ao ser questionada sobre como foi deixar a atua\u00e7\u00e3o para virar cantora, a int\u00e9rprete de Jenny Humphrey revelou que fazer aquilo a estava matando por dentro:<\/p>\n<p>&#8211; Eu tinha decidido deixar a s\u00e9rie j\u00e1 tinha um tempo, mas sair de um contrato \u00e9 extremamente dif\u00edcil. Chegou a um ponto em que eu brigava com todos para poder sair de l\u00e1. Por mais que fosse um trabalho pr\u00f3spero, aquilo estava me matando.<\/p>\n<p>Em seguida, a atriz comentou que chegou a ser chamada de ingrata por n\u00e3o querer fazer parte da trama, de algo que estava fazendo muito sucesso no mundo inteiro:<\/p>\n<p>&#8211; Eu fui chamada de ingrata e de todas as coisas que pode imaginar. Disseram assim: Como voc\u00ea ousa virar as costas para algo que foi t\u00e3o bem sucedido para voc\u00ea?<\/p>\n<p>Ela finalizou, dizendo que seguraram ela durante muito tempo para ver se ela desistia:<\/p>\n<p>&#8211; Mas tudo se resumiu a eles n\u00e3o me deixarem sair do contrato. Tanto que, o chefe da produtora comentou que n\u00e3o permitia eu ir embora. As \u00fanicas pessoas que tentaram me ajudar foram os escritores da s\u00e9rie, que tentaram mudar o roteiro para eu sair.<\/p>\n<p>Atualmente, Taylor \u00e9 vocalista da banda The Pretty Reckless, que abrir\u00e1 o show do AC\/DC no Brasil.<\/p>\n","protected":false},"excerpt":{"rendered":"Durante a sua participa\u00e7\u00e3o no podcast Call Her Daddy, Taylor Momsen abriu o cora\u00e7\u00e3o para falar sobre a&hellip;\n","protected":false},"author":2,"featured_media":130860,"comment_status":"","ping_status":"","sticky":false,"template":"","format":"standard","meta":{"footnotes":""},"categories":[145],"tags":[31437,2285,2298,211,210,2299,2286,2293,2297,2287,476,114,115,1062,2284,82,31438,2292,619,1133,13,2300,2288,52,987,32,33,2294,2295,2289,2290,2291,2296,1456],"class_list":{"0":"post-141916","1":"post","2":"type-post","3":"status-publish","4":"format-standard","5":"has-post-thumbnail","7":"category-celebridades","8":"tag-a-intrprete-de-jenny-humphrey-comentou-que-queria-sair-da-srie-por-muito-tempo","9":"tag-abc","10":"tag-automoveis","11":"tag-celebridades","12":"tag-celebrities","13":"tag-d","14":"tag-dgabc","15":"tag-diadema","16":"tag-diarinho","17":"tag-diario","18":"tag-economia","19":"tag-entertainment","20":"tag-entretenimento","21":"tag-esportes","22":"tag-grande-abc","23":"tag-internacional","24":"tag-mas-que-a-produo-no-a-deixava-ir","25":"tag-maua","26":"tag-nacional","27":"tag-noticia","28":"tag-noticias","29":"tag-noticias-on-line-abc","30":"tag-on-line","31":"tag-politica","32":"tag-portal","33":"tag-portugal","34":"tag-pt","35":"tag-ribeirao-pires","36":"tag-rio-grande-da-serra","37":"tag-santo-andre","38":"tag-sao-bernardo","39":"tag-sao-caetano","40":"tag-setecidades","41":"tag-turismo"},"share_on_mastodon":{"url":"","error":"Validation failed: Text character limit of 500 exceeded"},"_links":{"self":[{"href":"https:\/\/www.europesays.com\/pt\/wp-json\/wp\/v2\/posts\/141916","targetHints":{"allow":["GET"]}}],"collection":[{"href":"https:\/\/www.europesays.com\/pt\/wp-json\/wp\/v2\/posts"}],"about":[{"href":"https:\/\/www.europesays.com\/pt\/wp-json\/wp\/v2\/types\/post"}],"author":[{"embeddable":true,"href":"https:\/\/www.europesays.com\/pt\/wp-json\/wp\/v2\/users\/2"}],"replies":[{"embeddable":true,"href":"https:\/\/www.europesays.com\/pt\/wp-json\/wp\/v2\/comments?post=141916"}],"version-history":[{"count":0,"href":"https:\/\/www.europesays.com\/pt\/wp-json\/wp\/v2\/posts\/141916\/revisions"}],"wp:featuredmedia":[{"embeddable":true,"href":"https:\/\/www.europesays.com\/pt\/wp-json\/wp\/v2\/media\/130860"}],"wp:attachment":[{"href":"https:\/\/www.europesays.com\/pt\/wp-json\/wp\/v2\/media?parent=141916"}],"wp:term":[{"taxonomy":"category","embeddable":true,"href":"https:\/\/www.europesays.com\/pt\/wp-json\/wp\/v2\/categories?post=141916"},{"taxonomy":"post_tag","embeddable":true,"href":"https:\/\/www.europesays.com\/pt\/wp-json\/wp\/v2\/tags?post=141916"}],"curies":[{"name":"wp","href":"https:\/\/api.w.org\/{rel}","templated":true}]}}