{"id":141921,"date":"2025-11-06T16:45:19","date_gmt":"2025-11-06T16:45:19","guid":{"rendered":"https:\/\/www.europesays.com\/pt\/141921\/"},"modified":"2025-11-06T16:45:19","modified_gmt":"2025-11-06T16:45:19","slug":"onde-ver-o-debate-entre-rui-costa-e-noronha-lopes","status":"publish","type":"post","link":"https:\/\/www.europesays.com\/pt\/141921\/","title":{"rendered":"Onde ver o debate entre Rui Costa e Noronha Lopes?"},"content":{"rendered":"<p>&#8211; Advertisement &#8211;<\/p>\n<p>Rui Costa e Jo\u00e3o Noronha Lopes debatem esta noite, dia 6 de novembro, na BTV pelas 21h00. O debate acontece assim a dois dias da segunda volta das elei\u00e7\u00f5es para a presid\u00eancia do Benfica. <\/p>\n<p>Na quinta-feira passada, <a href=\"https:\/\/bolanarede.pt\/nacional\/benfica\/ao-minuto-acompanha-o-debate-entre-rui-costa-e-joao-noronha-lopes-para-a-presidencia-do-benfica\/\" target=\"_blank\" rel=\"noreferrer noopener nofollow\">Rui Costa e Jo\u00e3o Noronha Lopes j\u00e1 estiveram frente a frente<\/a> num debate televisivo, que foi transmitido em simult\u00e2neo pela\u00a0SIC Not\u00edcias,\u00a0RTP Not\u00edcias,\u00a0CNN Portugal\u00a0e\u00a0CMTV.<\/p>\n<p>Podes tamb\u00e9m recordar os<a href=\"https:\/\/bolanarede.pt\/especial-bola-na-rede\/atualidade\/resultados-oficiais-do-benfica-ao-minuto-a-atualizacao-constante-dos-resultados-confirmados\/\" rel=\"nofollow noopener\" target=\"_blank\">\u00a0resultados finais das elei\u00e7\u00f5es do Benfica<\/a>. Rui Costa, que venceu sem maioria absoluta, mas de forma declarada, enfrentar\u00e1 Jo\u00e3o Noronha Lopes na segunda volta.<\/p>\n<p><img fetchpriority=\"high\" decoding=\"async\" width=\"1024\" height=\"576\" src=\"data:image\/svg+xml,%3Csvg%20xmlns=\" http:=\"\" alt=\"\" class=\"wp-image-452548 ewww_webp_lazy_load\" data-lazy- data-lazy- data-lazy-src=\"https:\/\/www.europesays.com\/pt\/wp-content\/uploads\/2025\/11\/image-1-2.jpg\" data-lazy-src-webp=\"https:\/\/www.europesays.com\/pt\/wp-content\/uploads\/2025\/11\/image-1-2.jpg.webp\" data-lazy-srcset-webp=\"https:\/\/www.europesays.com\/pt\/wp-content\/uploads\/2025\/11\/image-1-2.jpg.webp 1024w, https:\/\/binny-bolanarede.b-cdn.net\/wp-content\/uploads\/2025\/11\/image-1-2-300x169.jpg.webp 300w, https:\/\/binny-bolanarede.b-cdn.net\/wp-content\/uploads\/2025\/11\/image-1-2-768x432.jpg.webp 768w, https:\/\/binny-bolanarede.b-cdn.net\/wp-content\/uploads\/2025\/11\/image-1-2-150x84.jpg.webp 150w, https:\/\/binny-bolanarede.b-cdn.net\/wp-content\/uploads\/2025\/11\/image-1-2-696x392.jpg.webp 696w\"\/>Fonte: Candidatura Rui Costa<\/p>\n<p><img loading=\"lazy\" decoding=\"async\" width=\"1024\" height=\"576\" src=\"data:image\/svg+xml,%3Csvg%20xmlns=\" http:=\"\" alt=\"\" class=\"wp-image-452550 ewww_webp_lazy_load\" data-lazy- data-lazy- data-lazy-src=\"https:\/\/www.europesays.com\/pt\/wp-content\/uploads\/2025\/11\/image-1-3.jpg\" data-lazy-src-webp=\"https:\/\/www.europesays.com\/pt\/wp-content\/uploads\/2025\/11\/image-1-3.jpg.webp\" data-lazy-srcset-webp=\"https:\/\/www.europesays.com\/pt\/wp-content\/uploads\/2025\/11\/image-1-3.jpg.webp 1024w, https:\/\/binny-bolanarede.b-cdn.net\/wp-content\/uploads\/2025\/11\/image-1-3-300x169.jpg.webp 300w, https:\/\/binny-bolanarede.b-cdn.net\/wp-content\/uploads\/2025\/11\/image-1-3-768x432.jpg.webp 768w, https:\/\/binny-bolanarede.b-cdn.net\/wp-content\/uploads\/2025\/11\/image-1-3-150x84.jpg.webp 150w, https:\/\/binny-bolanarede.b-cdn.net\/wp-content\/uploads\/2025\/11\/image-1-3-696x392.jpg.webp 696w\"\/>Fonte: Candidatura Noronha Lopes<\/p>\n","protected":false},"excerpt":{"rendered":"&#8211; Advertisement &#8211; Rui Costa e Jo\u00e3o Noronha Lopes debatem esta noite, dia 6 de novembro, na BTV&hellip;\n","protected":false},"author":2,"featured_media":136556,"comment_status":"","ping_status":"","sticky":false,"template":"","format":"standard","meta":{"footnotes":""},"categories":[87],"tags":[260,51,135,478,15081,32,33,6058,134],"class_list":{"0":"post-141921","1":"post","2":"type-post","3":"status-publish","4":"format-standard","5":"has-post-thumbnail","7":"category-desporto","8":"tag-atualidade","9":"tag-benfica","10":"tag-desporto","11":"tag-destaques-bnr","12":"tag-noronha-lopes","13":"tag-portugal","14":"tag-pt","15":"tag-rui-costa","16":"tag-sports"},"share_on_mastodon":{"url":"https:\/\/pubeurope.com\/@pt\/115503767481950366","error":""},"_links":{"self":[{"href":"https:\/\/www.europesays.com\/pt\/wp-json\/wp\/v2\/posts\/141921","targetHints":{"allow":["GET"]}}],"collection":[{"href":"https:\/\/www.europesays.com\/pt\/wp-json\/wp\/v2\/posts"}],"about":[{"href":"https:\/\/www.europesays.com\/pt\/wp-json\/wp\/v2\/types\/post"}],"author":[{"embeddable":true,"href":"https:\/\/www.europesays.com\/pt\/wp-json\/wp\/v2\/users\/2"}],"replies":[{"embeddable":true,"href":"https:\/\/www.europesays.com\/pt\/wp-json\/wp\/v2\/comments?post=141921"}],"version-history":[{"count":0,"href":"https:\/\/www.europesays.com\/pt\/wp-json\/wp\/v2\/posts\/141921\/revisions"}],"wp:featuredmedia":[{"embeddable":true,"href":"https:\/\/www.europesays.com\/pt\/wp-json\/wp\/v2\/media\/136556"}],"wp:attachment":[{"href":"https:\/\/www.europesays.com\/pt\/wp-json\/wp\/v2\/media?parent=141921"}],"wp:term":[{"taxonomy":"category","embeddable":true,"href":"https:\/\/www.europesays.com\/pt\/wp-json\/wp\/v2\/categories?post=141921"},{"taxonomy":"post_tag","embeddable":true,"href":"https:\/\/www.europesays.com\/pt\/wp-json\/wp\/v2\/tags?post=141921"}],"curies":[{"name":"wp","href":"https:\/\/api.w.org\/{rel}","templated":true}]}}