{"id":141922,"date":"2025-11-06T16:46:13","date_gmt":"2025-11-06T16:46:13","guid":{"rendered":"https:\/\/www.europesays.com\/pt\/141922\/"},"modified":"2025-11-06T16:46:13","modified_gmt":"2025-11-06T16:46:13","slug":"cerca-de-40-de-pessoas-com-diabetes-desenvolvem-algum-grau-de-problema-nos-rins","status":"publish","type":"post","link":"https:\/\/www.europesays.com\/pt\/141922\/","title":{"rendered":"CERCA DE 40% DE PESSOAS COM DIABETES DESENVOLVEM ALGUM GRAU DE PROBLEMA NOS RINS"},"content":{"rendered":"<p>Nem todo mundo sabe, mas o diabetes \u00e9 um dos principais motivos de comprometimento renal no Brasil. \u201cA chamada \u2018doen\u00e7a renal do diabetes\u2019 acomete entre 20% e 40% dos pacientes com glicemia descontrolada. Al\u00e9m disso, os dados do censo da Sociedade Brasileira de Nefrologia de 2024 indicam que 29% dos casos de doen\u00e7a renal cr\u00f4nica (DRC) em di\u00e1lise, no pa\u00eds, s\u00e3o pessoas com diabetes\u201d, afirma a nefrologista baiana, Manuela Lordelo. Segundo ela, quando o problema ataca os rins, o excesso de glicose no sangue sobrecarrega e danifica os vasos sangu\u00edneos renais, comprometendo gradualmente a capacidade de filtragem do \u00f3rg\u00e3o. Isso leva ao ac\u00famulo de toxinas e \u00e0 perda de prote\u00ednas na urina (protein\u00faria), podendo evoluir para DRC, insufici\u00eancia renal e, em casos graves, a necessidade de hemodi\u00e1lise ou transplante.<\/p>\n<p>A m\u00e9dica conta que os sintomas podem ser silenciosos at\u00e9 fases avan\u00e7adas, fazendo com que o indiv\u00edduo s\u00f3 procure ajuda quando a fun\u00e7\u00e3o dos rins est\u00e1 muito comprometida. \u201cInicialmente, h\u00e1 epis\u00f3dios de microalbumin\u00faria, que \u00e9 a perda de pequenas quantidades de prote\u00edna na urina, ou leve diminui\u00e7\u00e3o da taxa de filtra\u00e7\u00e3o glomerular, sem sintomas aparentes. Com a progress\u00e3o, sinais como incha\u00e7o nas pernas ou tornozelos, urina espumosa, aumento da press\u00e3o arterial, fadiga e altera\u00e7\u00f5es nos eletr\u00f3litos podem surgir\u201d, detalha a especialista, que \u00e9 preceptora da resid\u00eancia de Nefrologia no Hospital Ana Nery, em Salvador.<\/p>\n<p>O tratamento e a preven\u00e7\u00e3o entram como pilares fundamentais no enfrentamento desse problema. O manejo envolve controle rigoroso da glicemia, da press\u00e3o arterial e dos lip\u00eddios, al\u00e9m de modifica\u00e7\u00e3o de estilo de vida, com alimenta\u00e7\u00e3o balanceada, pr\u00e1tica regular de atividade f\u00edsica, evitar tabagismo e consumo excessivo de sal. \u201cExistem ainda medicamentos, que s\u00e3o frequentemente utilizados para prote\u00e7\u00e3o renal. Para preven\u00e7\u00e3o, \u00e9 importante fazer o rastreamento desde cedo. Por isso, pacientes diab\u00e9ticos precisam fazer exames de fun\u00e7\u00e3o dos rins e albumin\u00faria pelo menos uma vez por ano, para que a progress\u00e3o seja evitada ou retardada\u201d, recomenda Manuela Lordelo.<\/p>\n<p>Franquias: Freepik<\/p>\n","protected":false},"excerpt":{"rendered":"Nem todo mundo sabe, mas o diabetes \u00e9 um dos principais motivos de comprometimento renal no Brasil. \u201cA&hellip;\n","protected":false},"author":2,"featured_media":141923,"comment_status":"","ping_status":"","sticky":false,"template":"","format":"standard","meta":{"footnotes":""},"categories":[86],"tags":[10172,726,9082,116,32,33,117],"class_list":{"0":"post-141922","1":"post","2":"type-post","3":"status-publish","4":"format-standard","5":"has-post-thumbnail","7":"category-saude","8":"tag-acucar","9":"tag-brasil","10":"tag-glicemia","11":"tag-health","12":"tag-portugal","13":"tag-pt","14":"tag-saude"},"share_on_mastodon":{"url":"https:\/\/pubeurope.com\/@pt\/115503771320505268","error":""},"_links":{"self":[{"href":"https:\/\/www.europesays.com\/pt\/wp-json\/wp\/v2\/posts\/141922","targetHints":{"allow":["GET"]}}],"collection":[{"href":"https:\/\/www.europesays.com\/pt\/wp-json\/wp\/v2\/posts"}],"about":[{"href":"https:\/\/www.europesays.com\/pt\/wp-json\/wp\/v2\/types\/post"}],"author":[{"embeddable":true,"href":"https:\/\/www.europesays.com\/pt\/wp-json\/wp\/v2\/users\/2"}],"replies":[{"embeddable":true,"href":"https:\/\/www.europesays.com\/pt\/wp-json\/wp\/v2\/comments?post=141922"}],"version-history":[{"count":0,"href":"https:\/\/www.europesays.com\/pt\/wp-json\/wp\/v2\/posts\/141922\/revisions"}],"wp:featuredmedia":[{"embeddable":true,"href":"https:\/\/www.europesays.com\/pt\/wp-json\/wp\/v2\/media\/141923"}],"wp:attachment":[{"href":"https:\/\/www.europesays.com\/pt\/wp-json\/wp\/v2\/media?parent=141922"}],"wp:term":[{"taxonomy":"category","embeddable":true,"href":"https:\/\/www.europesays.com\/pt\/wp-json\/wp\/v2\/categories?post=141922"},{"taxonomy":"post_tag","embeddable":true,"href":"https:\/\/www.europesays.com\/pt\/wp-json\/wp\/v2\/tags?post=141922"}],"curies":[{"name":"wp","href":"https:\/\/api.w.org\/{rel}","templated":true}]}}