{"id":141926,"date":"2025-11-06T16:50:15","date_gmt":"2025-11-06T16:50:15","guid":{"rendered":"https:\/\/www.europesays.com\/pt\/141926\/"},"modified":"2025-11-06T16:50:15","modified_gmt":"2025-11-06T16:50:15","slug":"invulgar-brigada-alema-leva-para-a-fronteira-da-nato-o-seu-tanque-mais-avancado-o-leopard-2a8","status":"publish","type":"post","link":"https:\/\/www.europesays.com\/pt\/141926\/","title":{"rendered":"Invulgar brigada alem\u00e3 leva para a fronteira da NATO o seu tanque mais avan\u00e7ado: o Leopard 2A8"},"content":{"rendered":"<p class=\"wp-caption-text top\">KNDS Deutschland<\/p>\n<p><img decoding=\"async\" loading=\"lazy\" class=\"size-kopa-image-size-3 wp-image-709986\" src=\"https:\/\/www.europesays.com\/pt\/wp-content\/uploads\/2025\/11\/08c6a51dde006e64aed953b94fd68f0c-3-783x450.jpg\" alt=\"\" width=\"700\" height=\"402\"  \/><\/p>\n<p class=\"wp-caption-text bot\">O Leopard 2A8 \u00e9 a mais recente vers\u00e3o da consagrada s\u00e9rie de tanques Leopard 2 de fabrico alem\u00e3o<\/p>\n<p><strong>A Alemanha est\u00e1 a apostar no tanque Leopard para a sua nova brigada na Litu\u00e2nia. O plano \u00e9 levar para a fronteira da NATO na Europa de Leste o Leopard 2A8, a sua vers\u00e3o mais moderna, adaptada com base nas observa\u00e7\u00e3o das estrat\u00e9gias de combate da R\u00fassia na guerra da Ucr\u00e2nia.<\/strong><\/p>\n<p>Os aliados da NATO, preocupados com a amea\u00e7a militar de Moscovo, continuam a i<strong>nvestir em carros de combate<\/strong>, apesar de in\u00fameros ve\u00edculos blindados dispendiosos terem sido danificados ou destru\u00eddos por drones comerciais baratos usados pela R\u00fassia na Ucr\u00e2nia.<\/p>\n<p>A Alemanha n\u00e3o \u00e9 exce\u00e7\u00e3o. Ap\u00f3s observar o desenrolar da guerra em curso, decidiu o que a sua nova <strong>45.\u00aa Brigada Blindada<\/strong>, baseada na Litu\u00e2nia, deveria levar consigo: o seu carro de combate mais avan\u00e7ado, <strong>Leopard 2A8<\/strong>.<\/p>\n<p>O comandante da brigada, o brigadeiro-general <strong>Christoph Hube<\/strong>r, afirmou ao <a href=\"https:\/\/www.businessinsider.com\/german-brigade-on-russias-doorstep-bringing-leopard-tanks-2025-11\" data-wpel-link=\"external\" target=\"_blank\" rel=\"nofollow external noopener noreferrer\" class=\"ext-link\">Business Insider<\/a> que \u201cesta brigada tem <strong>prioridade m\u00e1xima na Alemanha<\/strong>\u201d e contar\u00e1 com o <strong>equipamento militar alem\u00e3o mais moderno<\/strong>.<\/p>\n<p>Huber sublinhou que <strong>\u00e9 \u201ccrucial\u201d para a brigada dispor de blindagem pesada<\/strong>. \u201cEsta brigada \u00e9, no seu n\u00facleo, um compromisso de for\u00e7as blindadas pesadas\u201d, explicou. Isso significa levar \u201co <strong>mais moderno carro de combate principal alem\u00e3o<\/strong>\u201d.<\/p>\n<p>O Leopard 2A8 \u00e9 o<strong> tanque mais avan\u00e7ado<\/strong> produzido pela <a href=\"https:\/\/knds.com\/de\/standorte\/knds-deutschland\" data-wpel-link=\"external\" target=\"_blank\" rel=\"nofollow external noopener noreferrer\" class=\"ext-link\">KNDS Deutschland<\/a> e incorpora <strong>modifica\u00e7\u00f5es inspiradas nas li\u00e7\u00f5es retiradas da Ucr\u00e2nia<\/strong>, incluindo sistemas de <strong>prote\u00e7\u00e3o contra drones<\/strong>.<\/p>\n<p>Entre as novas atualiza\u00e7\u00f5es est\u00e3o o <strong>sistema ativo de prote\u00e7\u00e3o Trophy<\/strong>, que deteta amea\u00e7as como m\u00edsseis anticarro e drones, refor\u00e7os na torre, considerada vulner\u00e1vel, e sensores melhorados. Segundo a empresa, o Leopard 2A8 representa um salto em <strong>capacidade, sobreviv\u00eancia e letalidade<\/strong>, e est\u00e1 preparado para o futuro.<\/p>\n<p>Estes tanques est\u00e3o agora muito mais <strong>alinhados com o combate moderno<\/strong> do que os modelos Leopard concebidos para confrontos da Guerra Fria \u2014 como os que a Ucr\u00e2nia recebeu.<strong> N\u00e3o s\u00e3o invenc\u00edveis<\/strong>, mas constituem uma melhoria significativa.<\/p>\n<p>\u201c\u00c9 necess\u00e1rio introduzir<strong> novas capacidades nas nossas for\u00e7as<\/strong>, baseadas nas <strong>li\u00e7\u00f5es identificadas na terr\u00edvel guerra de agress\u00e3o<\/strong> da R\u00fassia contra a Ucr\u00e2nia\u201d, afirmou o general.<\/p>\n<p>As guerras de hoje e as de amanh\u00e3<\/p>\n<p>A guerra na Ucr\u00e2nia tem sido marcada por <strong>imagens de tanques em chamas<\/strong> ap\u00f3s ataques de drones baratos \u2014 incluindo tanques Leopard alem\u00e3es e Abrams americanos (embora n\u00e3o as vers\u00f5es mais recentes de nenhum dos dois).<\/p>\n<p>Ambos os lados t\u00eam procurado <strong>adaptar-se, refor\u00e7ando a blindagem<\/strong> e aplicando prote\u00e7\u00f5es adicionais, ao mesmo tempo que utilizam os tanques com maior prud\u00eancia.<\/p>\n<p>Na Ucr\u00e2nia, os tanques s\u00e3o frequentemente usados em <strong>posi\u00e7\u00f5es recuadas<\/strong> e dissimuladas, funcionando muitas vezes como <strong>uma esp\u00e9cie de artilharia m\u00f3vel<\/strong>. Por vezes participam em assaltos, mas em n\u00famero reduzido e de forma muito cuidadosamente coordenada, com o apoio de drones e guerra eletr\u00f3nica.<\/p>\n<p>Os tanques t\u00eam enfrentado dificuldades recorrentes na guerra da Ucr\u00e2nia porque <strong>nenhum dos lados domina o espa\u00e7o a\u00e9reo<\/strong>, o que deixa as colunas blindadas e os grandes assaltos mecanizados <strong>vulner\u00e1veis aos drones<\/strong> que sobrevoam o campo de batalha para vigil\u00e2ncia e ataque.<\/p>\n<p>Com melhores meios a\u00e9reos, como <strong>avi\u00f5es de combate de quinta gera\u00e7\u00e3o<\/strong>, e arsenais mais diversificados,<strong> a NATO poder\u00e1 evitar alguns dos problemas<\/strong> que t\u00eam afetado os ex\u00e9rcitos em conflito, embora o futuro permane\u00e7a incerto.<\/p>\n<p>Huber afirma que a 45.\u00aa Brigada est\u00e1 na Litu\u00e2nia para<strong> dissuadir a R\u00fassia<\/strong> e proteger o <strong>flanco oriental da Alian\u00e7a<\/strong>. J\u00e1 iniciou opera\u00e7\u00f5es, mas s\u00f3 atingir\u00e1 a sua for\u00e7a total, 4.800 militares, em 2027. Contudo, garantiu, estar\u00e1 pronta para atuar muito antes disso, se necess\u00e1rio.<\/p>\n<p><strong>A Litu\u00e2nia \u00e9 considerada particularmente vulner\u00e1vel<\/strong>. O antigo diretor da CIA, <strong>David Petraeus<\/strong>, afirmou este ano que a via como o pa\u00eds mais exposto a uma eventual invas\u00e3o russa.<\/p>\n<p>O destacamento desta brigada na Litu\u00e2nia representa um passo significativo para a Alemanha, que <strong>desde a Segunda Guerra Mundial<\/strong> tem mantido uma postura militar contida e <strong>evitado grandes miss\u00f5es permanentes no estrangeiro<\/strong>. A invas\u00e3o russa da Ucr\u00e2nia alterou gradualmente esse c\u00e1lculo.<\/p>\n<p>\u201cJuntamente com as restantes for\u00e7as internacionais na Litu\u00e2nia \u2014 aliados como a Noruega, os Pa\u00edses Baixos e os Estados Unidos \u2014, estamos, no fundo, a defender <a href=\"https:\/\/zap.aeiou.pt\/eua-avisam-defenderemos-cada-centimetro-do-territorio-da-nato-700323\" data-wpel-link=\"internal\" rel=\"nofollow noopener\" target=\"_blank\">cada cent\u00edmetro do territ\u00f3rio da NATO<\/a>\u201d, concluiu Huber. \u201cDefendemos os nossos valores comuns, a nossa liberdade, a democracia e os direitos humanos.\u201d<\/p>\n<p>    <a href=\"https:\/\/zap.aeiou.pt\/subscrever-newsletter\" data-wpel-link=\"internal\" rel=\"nofollow noopener\" target=\"_blank\">&#13;<br \/>\n        <img loading=\"lazy\" decoding=\"async\" class=\"aligncenter size-full wp-image-575475\" src=\"https:\/\/www.europesays.com\/pt\/wp-content\/uploads\/2025\/10\/1759862234_971_2d51fe4a0ba54894421ead1809309ed9-1-450x140.jpg\" alt=\"Subscreva a Newsletter ZAP\" width=\"450\" height=\"140\"\/>&#13;<br \/>\n    <\/a><\/p>\n<p>                <a href=\"https:\/\/whatsapp.com\/channel\/0029VaIC4EE2f3EJZPPSbR34\" data-wpel-link=\"external\" target=\"_blank\" rel=\"nofollow external noopener noreferrer\" class=\"ext-link\">&#13;<br \/>\n                    <img loading=\"lazy\" decoding=\"async\" class=\"aligncenter size-full wp-image-575475\" src=\"https:\/\/www.europesays.com\/pt\/wp-content\/uploads\/2025\/10\/1759862234_512_c68c559d956d4ca20f435ed74a6e71e6.png\" alt=\"Siga-nos no WhatsApp\" width=\"175\" height=\"64\"\/>&#13;<br \/>\n                <\/a><\/p>\n<p>                <a href=\"https:\/\/news.google.com\/publications\/CAAiEHRwZondIV71PDjWNoqMduEqFAgKIhB0cGaJ3SFe9Tw41jaKjHbh?hl=en-US&amp;gl=US&amp;ceid=US%3Aen\" data-wpel-link=\"external\" target=\"_blank\" rel=\"nofollow external noopener noreferrer\" class=\"ext-link\">&#13;<br \/>\n                    <img loading=\"lazy\" decoding=\"async\" class=\"aligncenter size-full wp-image-575475\" src=\"https:\/\/www.europesays.com\/pt\/wp-content\/uploads\/2025\/10\/1759862235_242_5123dd8b087b644fdb8f8603acd1bad4.png\" alt=\"Siga-nos no Google News\" width=\"176\" height=\"64\"\/>&#13;<br \/>\n                <\/a><\/p>\n","protected":false},"excerpt":{"rendered":"KNDS Deutschland O Leopard 2A8 \u00e9 a mais recente vers\u00e3o da consagrada s\u00e9rie de tanques Leopard 2 de&hellip;\n","protected":false},"author":2,"featured_media":141927,"comment_status":"","ping_status":"","sticky":false,"template":"","format":"standard","meta":{"footnotes":""},"categories":[50],"tags":[1305,27,28,269,2537,15,16,830,14,25,26,21,22,62,3400,12,13,19,20,23,24,17,18,29,30,31,63,64,65],"class_list":{"0":"post-141926","1":"post","2":"type-post","3":"status-publish","4":"format-standard","5":"has-post-thumbnail","7":"category-mundo","8":"tag-alemanha","9":"tag-breaking-news","10":"tag-breakingnews","11":"tag-capa","12":"tag-defesa","13":"tag-featured-news","14":"tag-featurednews","15":"tag-guerra","16":"tag-headlines","17":"tag-latest-news","18":"tag-latestnews","19":"tag-main-news","20":"tag-mainnews","21":"tag-mundo","22":"tag-nato","23":"tag-news","24":"tag-noticias","25":"tag-noticias-principais","26":"tag-noticiasprincipais","27":"tag-principais-noticias","28":"tag-principaisnoticias","29":"tag-top-stories","30":"tag-topstories","31":"tag-ultimas","32":"tag-ultimas-noticias","33":"tag-ultimasnoticias","34":"tag-world","35":"tag-world-news","36":"tag-worldnews"},"share_on_mastodon":{"url":"https:\/\/pubeurope.com\/@pt\/115503787227397903","error":""},"_links":{"self":[{"href":"https:\/\/www.europesays.com\/pt\/wp-json\/wp\/v2\/posts\/141926","targetHints":{"allow":["GET"]}}],"collection":[{"href":"https:\/\/www.europesays.com\/pt\/wp-json\/wp\/v2\/posts"}],"about":[{"href":"https:\/\/www.europesays.com\/pt\/wp-json\/wp\/v2\/types\/post"}],"author":[{"embeddable":true,"href":"https:\/\/www.europesays.com\/pt\/wp-json\/wp\/v2\/users\/2"}],"replies":[{"embeddable":true,"href":"https:\/\/www.europesays.com\/pt\/wp-json\/wp\/v2\/comments?post=141926"}],"version-history":[{"count":0,"href":"https:\/\/www.europesays.com\/pt\/wp-json\/wp\/v2\/posts\/141926\/revisions"}],"wp:featuredmedia":[{"embeddable":true,"href":"https:\/\/www.europesays.com\/pt\/wp-json\/wp\/v2\/media\/141927"}],"wp:attachment":[{"href":"https:\/\/www.europesays.com\/pt\/wp-json\/wp\/v2\/media?parent=141926"}],"wp:term":[{"taxonomy":"category","embeddable":true,"href":"https:\/\/www.europesays.com\/pt\/wp-json\/wp\/v2\/categories?post=141926"},{"taxonomy":"post_tag","embeddable":true,"href":"https:\/\/www.europesays.com\/pt\/wp-json\/wp\/v2\/tags?post=141926"}],"curies":[{"name":"wp","href":"https:\/\/api.w.org\/{rel}","templated":true}]}}