{"id":141932,"date":"2025-11-06T16:53:09","date_gmt":"2025-11-06T16:53:09","guid":{"rendered":"https:\/\/www.europesays.com\/pt\/141932\/"},"modified":"2025-11-06T16:53:09","modified_gmt":"2025-11-06T16:53:09","slug":"walerio-araujo-e-maria-caporusso-trocam-farpas-por-louca-suja-preguicosa-record","status":"publish","type":"post","link":"https:\/\/www.europesays.com\/pt\/141932\/","title":{"rendered":"Wal\u00e9rio Ara\u00fajo e Maria Caporusso trocam farpas por lou\u00e7a suja: \u2018Pregui\u00e7osa\u2019 \u2013 Record"},"content":{"rendered":"<p><img decoding=\"async\" data-chromatic=\"ignore\" alt=\"\" class=\"c-image\" loading=\"lazy\" src=\"https:\/\/www.europesays.com\/pt\/wp-content\/uploads\/2025\/11\/6EIPY3IGWRHERB5EKKQMW3KYIY.png\"  width=\"677\" height=\"339\"\/>Wal\u00e9rio n\u00e3o mediu deboches com Maria Reprodu\u00e7\u00e3o\/RecordPlus <\/p>\n<p class=\"jarvics:base-text-neutral-high-400 base-text-[calc(theme(fontSize.xs)_*_var(--font-size,_1))] base-font-normal base-font-primary base-text-neutral-low-500 base-text-left\">Na madrugada desta quinta (6), o clima tenso dominou a sede de <a href=\"https:\/\/record.r7.com\/a-fazenda\/a-fazenda-17\/\" target=\"_self\" rel=\"nofollow noopener\" title=\"https:\/\/record.r7.com\/a-fazenda\/a-fazenda-17\/\"><b>A Fazenda 17<\/b><\/a>, e <a href=\"https:\/\/record.r7.com\/a-fazenda\/a-fazenda-17\/peoes\/maria-caporusso\" target=\"_self\" rel=\"nofollow noopener\" title=\"https:\/\/record.r7.com\/a-fazenda\/a-fazenda-17\/peoes\/maria-caporusso\"><b>Maria Caporusso<\/b><\/a> se estranhou com <a href=\"https:\/\/record.r7.com\/a-fazenda\/a-fazenda-17\/peoes\/walerio-araujo\" target=\"_self\" rel=\"nofollow noopener\" title=\"https:\/\/record.r7.com\/a-fazenda\/a-fazenda-17\/peoes\/walerio-araujo\"><b>Wal\u00e9rio Ara\u00fajo<\/b><\/a>. O motivo? A lou\u00e7a suja! Vem entender a confus\u00e3o que acabou em gritaria.<\/p>\n<ul class=\"b-article-body__list-unordered\">\n<li><b>Quer ficar por dentro de tudo que est\u00e1 acontecendo em\u00a0<\/b><b>A Fazenda 17<\/b><b>?\u00a0<\/b><a href=\"https:\/\/www.whatsapp.com\/channel\/0029Va2cJIR1noz2ahzX0D1N\" target=\"_blank\" rel=\"noreferrer nofollow noopener\" title=\"https:\/\/www.whatsapp.com\/channel\/0029Va2cJIR1noz2ahzX0D1N\"><b>Clique aqui<\/b><\/a><b>\u00a0e fa\u00e7a parte do nosso canal no WhatsApp!<\/b><\/li>\n<\/ul>\n<p class=\"jarvics:base-text-neutral-high-400 base-text-[calc(theme(fontSize.xs)_*_var(--font-size,_1))] base-font-normal base-font-primary base-text-neutral-low-500 base-text-left\">Bastou o estilista se deparar com uma panela na pia que, segundo ele, era para a influenciadora ter lavado, e o caos foi instaurado na cozinha. <\/p>\n<p class=\"jarvics:base-text-neutral-high-400 base-text-[calc(theme(fontSize.xs)_*_var(--font-size,_1))] base-font-normal base-font-primary base-text-neutral-low-500 base-text-left\">Wal\u00e9rio mandou uma indireta e Maria se doeu: \u201c\u00c9 s\u00e9rio isso? Tem quatro pessoas no grupo. Fiz alguma coisa que n\u00e3o estou sabendo? Me conta\u201d. <\/p>\n<p class=\"jarvics:base-text-neutral-high-400 base-text-[calc(theme(fontSize.xs)_*_var(--font-size,_1))] base-font-normal base-font-primary base-text-neutral-low-500 base-text-left\">O pe\u00e3o colocou para fora: \u201cPronto, pregui\u00e7osa. Ficou a tarde inteira \u2018daqui a pouco vou [lavar a lou\u00e7a]\u2019, e ningu\u00e9m veio. Voc\u00ea mandou e eu vim, madame\u201d. <\/p>\n<p class=\"jarvics:base-text-neutral-high-400 base-text-[calc(theme(fontSize.xs)_*_var(--font-size,_1))] base-font-normal base-font-primary base-text-neutral-low-500 base-text-left\">A influenciadora se irritou e devolveu: \u201cMadame \u00e9 voc\u00ea. Tudo que me pede eu fa\u00e7o, at\u00e9 o que n\u00e3o pede. E fa\u00e7o porque quero. Vai arrasar suas amigas l\u00e1 fora\u201c. <\/p>\n<p class=\"jarvics:base-text-neutral-high-400 base-text-[calc(theme(fontSize.xs)_*_var(--font-size,_1))] base-font-normal base-font-primary base-text-neutral-low-500 base-text-left\">Com a l\u00edngua afiada no deboche, o estilista provocou: \u201cFaz o que voc\u00ea quiser, diva\u201d. <\/p>\n<p class=\"jarvics:base-text-neutral-high-400 base-text-[calc(theme(fontSize.xs)_*_var(--font-size,_1))] base-font-normal base-font-primary base-text-neutral-low-500 base-text-left\">Assistindo \u00e0 confus\u00e3o de camarote, <a href=\"https:\/\/record.r7.com\/a-fazenda\/a-fazenda-17\/peoes\/rayane-figliuzzi\" target=\"_self\" rel=\"nofollow noopener\" title=\"https:\/\/record.r7.com\/a-fazenda\/a-fazenda-17\/peoes\/rayane-figliuzzi\"><b>Rayane Figliuzzi<\/b><\/a> e <a href=\"https:\/\/record.r7.com\/a-fazenda\/a-fazenda-17\/peoes\/matheus-martins\" target=\"_self\" rel=\"nofollow noopener\" title=\"https:\/\/record.r7.com\/a-fazenda\/a-fazenda-17\/peoes\/matheus-martins\"><b>Matheus Martins<\/b><\/a> ca\u00edram na gargalhada e a empres\u00e1ria brincou sobre a amiga: \u201cAgora vai chorar por tr\u00eas dias\u201d. <\/p>\n<p class=\"jarvics:base-text-neutral-high-400 base-text-[calc(theme(fontSize.xs)_*_var(--font-size,_1))] base-font-normal base-font-primary base-text-neutral-low-500 base-text-left\">Sem paci\u00eancia, Wal\u00e9rio mandou a real: \u201cProblema dela. Fica irritando, o povo vai para cima dela e n\u00e3o aguenta\u201d. <\/p>\n<p class=\"jarvics:base-text-neutral-high-400 base-text-[calc(theme(fontSize.xs)_*_var(--font-size,_1))] base-font-normal base-font-primary base-text-neutral-low-500 base-text-left\">Eita, ser\u00e1 que o Grup\u00e3o vai acabar de vez?<\/p>\n<p class=\"jarvics:base-text-neutral-high-400 base-text-[calc(theme(fontSize.xs)_*_var(--font-size,_1))] base-font-normal base-font-primary base-text-neutral-low-500 base-text-left\">Fique ligado! <a href=\"https:\/\/record.r7.com\/a-fazenda\/a-fazenda-17\/\" rel=\"nofollow noopener\" title=\"https:\/\/record.r7.com\/a-fazenda\/a-fazenda-17\/\" target=\"_blank\"><b>A Fazenda 17<\/b><\/a> vai ao ar de segunda a domingo, \u00e0s 22h30, na tela da <a href=\"https:\/\/record.r7.com\/\" rel=\"nofollow noopener\" target=\"_blank\"><b>RECORD<\/b><\/a>. Assine o <a href=\"https:\/\/www.recordplus.com\/home\" rel=\"nofollow noopener\" title=\"https:\/\/www.recordplus.com\/home\" target=\"_blank\"><b>RecordPlus<\/b><\/a> e tenha acesso \u00e0s c\u00e2meras 24 horas.<\/p>\n<p><b>Dicion\u00e1rio Fazend\u00eas: edi\u00e7\u00e3o atualizada e ampliada traz os termos que n\u00e3o saem da boca da pe\u00e3ozada<\/b><\/p>\n<p class=\"jarvics:base-text-neutral-high-400 base-text-[calc(theme(fontSize.xxs)_*_var(--font-size,_1))] base-font-semibold base-font-primary base-text-neutral-low-500 base-text-left\">O maioral chegou em sua vers\u00e3o ampliada: o Dicion\u00e1rio Fazend\u00eas apresenta p\u00e1ginas de sabedoria rural sobre A Fazenda 17! Se voc\u00ea tem alguma d\u00favida acerca dos termos usados no reality, acomode-se, e desfrute do material de refer\u00eancia. Boa leitura!<\/p>\n","protected":false},"excerpt":{"rendered":"Wal\u00e9rio n\u00e3o mediu deboches com Maria Reprodu\u00e7\u00e3o\/RecordPlus Na madrugada desta quinta (6), o clima tenso dominou a sede&hellip;\n","protected":false},"author":2,"featured_media":141933,"comment_status":"","ping_status":"","sticky":false,"template":"","format":"standard","meta":{"footnotes":""},"categories":[145],"tags":[657,211,210,114,115,21257,32,33,22563],"class_list":{"0":"post-141932","1":"post","2":"type-post","3":"status-publish","4":"format-standard","5":"has-post-thumbnail","7":"category-celebridades","8":"tag-a-fazenda","9":"tag-celebridades","10":"tag-celebrities","11":"tag-entertainment","12":"tag-entretenimento","13":"tag-maria-caporusso","14":"tag-portugal","15":"tag-pt","16":"tag-walerio-araujo"},"share_on_mastodon":{"url":"https:\/\/pubeurope.com\/@pt\/115503799093540187","error":""},"_links":{"self":[{"href":"https:\/\/www.europesays.com\/pt\/wp-json\/wp\/v2\/posts\/141932","targetHints":{"allow":["GET"]}}],"collection":[{"href":"https:\/\/www.europesays.com\/pt\/wp-json\/wp\/v2\/posts"}],"about":[{"href":"https:\/\/www.europesays.com\/pt\/wp-json\/wp\/v2\/types\/post"}],"author":[{"embeddable":true,"href":"https:\/\/www.europesays.com\/pt\/wp-json\/wp\/v2\/users\/2"}],"replies":[{"embeddable":true,"href":"https:\/\/www.europesays.com\/pt\/wp-json\/wp\/v2\/comments?post=141932"}],"version-history":[{"count":0,"href":"https:\/\/www.europesays.com\/pt\/wp-json\/wp\/v2\/posts\/141932\/revisions"}],"wp:featuredmedia":[{"embeddable":true,"href":"https:\/\/www.europesays.com\/pt\/wp-json\/wp\/v2\/media\/141933"}],"wp:attachment":[{"href":"https:\/\/www.europesays.com\/pt\/wp-json\/wp\/v2\/media?parent=141932"}],"wp:term":[{"taxonomy":"category","embeddable":true,"href":"https:\/\/www.europesays.com\/pt\/wp-json\/wp\/v2\/categories?post=141932"},{"taxonomy":"post_tag","embeddable":true,"href":"https:\/\/www.europesays.com\/pt\/wp-json\/wp\/v2\/tags?post=141932"}],"curies":[{"name":"wp","href":"https:\/\/api.w.org\/{rel}","templated":true}]}}