{"id":141938,"date":"2025-11-06T16:59:06","date_gmt":"2025-11-06T16:59:06","guid":{"rendered":"https:\/\/www.europesays.com\/pt\/141938\/"},"modified":"2025-11-06T16:59:06","modified_gmt":"2025-11-06T16:59:06","slug":"benfica-afunda-se-na-champions-e-ja-perdeu-milhoes-que-pagavam-o-salario-de-jose-mourinho","status":"publish","type":"post","link":"https:\/\/www.europesays.com\/pt\/141938\/","title":{"rendered":"Benfica afunda-se na Champions e j\u00e1 perdeu milh\u00f5es que pagavam o sal\u00e1rio de Jos\u00e9 Mourinho"},"content":{"rendered":"<p data-remotead-prev-elm=\"true\" data-remotead-elm-id=\"inread\">Com quatro jogos e outras tantas derrotas na Liga dos Campe\u00f5es, o Benfica n\u00e3o complica apenas o cen\u00e1rio desportivo, mas tamb\u00e9m o financeiro. Em cada um dos oito encontros disputados na fase de liga, a vit\u00f3ria rende 2,1 milh\u00f5es de euros e o empate 700 mil. Significa isto que, num cen\u00e1rio hipot\u00e9tico, se os encarnados tivessem vencido as quatro partidas j\u00e1 disputadas, teriam garantido 8,4 milh\u00f5es, quantia que daria, por exemplo, para pagar o sal\u00e1rio anual de Jos\u00e9 Mourinho, que recebe cerca de seis milh\u00f5es brutos at\u00e9 ao final da temporada.<\/p>\n","protected":false},"excerpt":{"rendered":"Com quatro jogos e outras tantas derrotas na Liga dos Campe\u00f5es, o Benfica n\u00e3o complica apenas o cen\u00e1rio&hellip;\n","protected":false},"author":2,"featured_media":141939,"comment_status":"","ping_status":"","sticky":false,"template":"","format":"standard","meta":{"footnotes":""},"categories":[87],"tags":[51,135,524,1385,1003,32,33,134],"class_list":{"0":"post-141938","1":"post","2":"type-post","3":"status-publish","4":"format-standard","5":"has-post-thumbnail","7":"category-desporto","8":"tag-benfica","9":"tag-desporto","10":"tag-futebol","11":"tag-jose-mourinho","12":"tag-liga-dos-campeoes","13":"tag-portugal","14":"tag-pt","15":"tag-sports"},"share_on_mastodon":{"url":"https:\/\/pubeurope.com\/@pt\/115503822754051832","error":""},"_links":{"self":[{"href":"https:\/\/www.europesays.com\/pt\/wp-json\/wp\/v2\/posts\/141938","targetHints":{"allow":["GET"]}}],"collection":[{"href":"https:\/\/www.europesays.com\/pt\/wp-json\/wp\/v2\/posts"}],"about":[{"href":"https:\/\/www.europesays.com\/pt\/wp-json\/wp\/v2\/types\/post"}],"author":[{"embeddable":true,"href":"https:\/\/www.europesays.com\/pt\/wp-json\/wp\/v2\/users\/2"}],"replies":[{"embeddable":true,"href":"https:\/\/www.europesays.com\/pt\/wp-json\/wp\/v2\/comments?post=141938"}],"version-history":[{"count":0,"href":"https:\/\/www.europesays.com\/pt\/wp-json\/wp\/v2\/posts\/141938\/revisions"}],"wp:featuredmedia":[{"embeddable":true,"href":"https:\/\/www.europesays.com\/pt\/wp-json\/wp\/v2\/media\/141939"}],"wp:attachment":[{"href":"https:\/\/www.europesays.com\/pt\/wp-json\/wp\/v2\/media?parent=141938"}],"wp:term":[{"taxonomy":"category","embeddable":true,"href":"https:\/\/www.europesays.com\/pt\/wp-json\/wp\/v2\/categories?post=141938"},{"taxonomy":"post_tag","embeddable":true,"href":"https:\/\/www.europesays.com\/pt\/wp-json\/wp\/v2\/tags?post=141938"}],"curies":[{"name":"wp","href":"https:\/\/api.w.org\/{rel}","templated":true}]}}