{"id":141940,"date":"2025-11-06T17:00:16","date_gmt":"2025-11-06T17:00:16","guid":{"rendered":"https:\/\/www.europesays.com\/pt\/141940\/"},"modified":"2025-11-06T17:00:16","modified_gmt":"2025-11-06T17:00:16","slug":"infogripe-casos-de-influenza-a-aumentam-no-sudeste-e-avancam-para-a-bahia-2","status":"publish","type":"post","link":"https:\/\/www.europesays.com\/pt\/141940\/","title":{"rendered":"InfoGripe: casos de influenza A aumentam no Sudeste e avan\u00e7am para a Bahia"},"content":{"rendered":"<p><a href=\"https:\/\/agencia.fiocruz.br\/sites\/agencia.fiocruz.br\/files\/Resumo_InfoGripe_2025_44.pdf\" rel=\"nofollow noopener\" target=\"_blank\"><strong>Divulgada nesta quinta-feira (6\/11), a mais recente edi\u00e7\u00e3o do Boletim InfoGripe da Fiocruz<\/strong> <\/a>chama aten\u00e7\u00e3o para a manuten\u00e7\u00e3o do aumento do n\u00famero de casos de S\u00edndrome Respirat\u00f3ria Aguda Grave (SRAG) por influenza A em S\u00e3o Paulo, Esp\u00edrito Santo e Rio de Janeiro. O n\u00famero de casos graves pelo v\u00edrus come\u00e7a a apresentar in\u00edcio de aumento tamb\u00e9m na Bahia.<\/p>\n<p><img loading=\"lazy\" decoding=\"async\" class=\"align-center\" src=\"https:\/\/www.europesays.com\/pt\/wp-content\/uploads\/2025\/11\/info611.2.jpg\" data-entity-uuid=\"7b083170-8491-44eb-a2f4-164872a48615\" data-entity-type=\"file\" alt=\"\" width=\"700\" height=\"560\"\/><\/p>\n<p>O atual cen\u00e1rio alerta que a Covid-19 segue em tend\u00eancia de crescimento em alguns estados. As notifica\u00e7\u00f5es dos casos graves do v\u00edrus continuam aumentando no Paran\u00e1, Santa Catarina e S\u00e3o Paulo, por\u00e9m ainda em n\u00edveis baixos de incid\u00eancia. No Esp\u00edrito Santo, os casos de SRAG nos idosos associados \u00e0 Covid-19 est\u00e3o est\u00e1veis, mas ainda em n\u00edveis moderados de incid\u00eancia.<\/p>\n<p>A an\u00e1lise \u00e9 referente \u00e0 Semana epidemiol\u00f3gica 44, de 26 de outubro a 1\u00ba de novembro. \u00a0O InfoGripe \u00e9 uma estrat\u00e9gia do Sistema \u00danico de Sa\u00fade (SUS) voltada ao monitoramento de casos de SRAG no pa\u00eds. A iniciativa oferece suporte \u00e0s vigil\u00e2ncias em sa\u00fade na identifica\u00e7\u00e3o de locais priorit\u00e1rios para a\u00e7\u00f5es, prepara\u00e7\u00f5es e resposta a eventos em sa\u00fade p\u00fablica.<\/p>\n<p>A pesquisadora Tatiana Portella, do Programa de Computa\u00e7\u00e3o Cient\u00edfica da Fiocruz e respons\u00e1vel pelo InfoGripe, ressalta que em rela\u00e7\u00e3o \u00e0s crian\u00e7as pequenas o estudo verificou em Sergipe uma alta at\u00edpica, para esta \u00e9poca do ano, de SRAG por v\u00edrus sincicial respirat\u00f3rio (VSR) em crian\u00e7as pequenas.\u00a0<\/p>\n<p>O Boletim sublinha que tr\u00eas estados apresentam incid\u00eancia de SRAG em n\u00edvel de alerta, risco e alto risco, com tend\u00eancia de crescimento: Mato Grosso do Sul, Para\u00edba e Tocantins. No Mato Grosso do Sul e na Para\u00edba o aumento de SRAG tem se concentrado nas crian\u00e7as pequenas e tem sido impulsionado em grande parte pelo rinov\u00edrus.<\/p>\n<p>Em Tocantins o n\u00famero de casos de SRAG tem aumentado principalmente na faixa et\u00e1ria a partir dos 50 anos. Ainda n\u00e3o h\u00e1 dados laboratoriais suficientes no estado para determinar o v\u00edrus respons\u00e1vel pelo crescimento. Contudo, \u00e9 poss\u00edvel que esse aumento esteja sendo impulsionado pela influenza A, devido \u00e0 faixa et\u00e1ria mais afetada, e a proximidade do estado com Goi\u00e1s e o Distrito Federal, que apresentaram uma alta recente de casos graves pelo v\u00edrus.<\/p>\n<p>\u201cContinuamos recomendando a\u00e7\u00f5es de etiqueta respirat\u00f3ria, como cobrir a boca com o bra\u00e7o ao tossir ou espirrar, fazer isolamento dentro de casa ou usar uma boa m\u00e1scara em locais p\u00fablicos em casos de aparecimento de sintomas de gripe ou resfriado. E, por \u00faltimo e n\u00e3o menos importante, manter a vacina\u00e7\u00e3o contra a influenza e a Covid-19 sempre em dia, especialmente para a popula\u00e7\u00e3o que apresenta maior risco de desenvolver quadros graves ou ir a \u00f3bito por esses v\u00edrus, como crian\u00e7as pequenas, idosos e pessoas com alguma comorbidade. E pessoas que possuem maior exposi\u00e7\u00e3o ao v\u00edrus como profissionais da \u00e1rea da sa\u00fade\u201d, afirma a pesquisadora.\u00a0<\/p>\n<p><strong>Estados e capitais<\/strong><\/p>\n<p>Em n\u00edvel nacional, os casos de SRAG apresentam sinal de estabilidade nas tend\u00eancias de longo e de curto prazo. Tr\u00eas das 27 unidades federativas apresentam incid\u00eancia de SRAG em n\u00edvel de alerta, risco ou alto risco (\u00faltimas duas semanas) com sinal de crescimento na tend\u00eancia de longo prazo (\u00faltimas 6 semanas) at\u00e9 a Semana 44: Mato Grosso do Sul, Para\u00edba e Tocantins. No Esp\u00edrito Santo, os casos de SRAG entre os idosos associados \u00e0 Covid-19 est\u00e3o est\u00e1veis, mas continuam em um patamar considerado moderado para o estado. Sobre o VSR, apenas Sergipe apresenta uma alta recente de casos graves do v\u00edrus em crian\u00e7as pequenas.<\/p>\n<p>O estudo verificou que 3 das 27 capitais apresentam n\u00edvel de atividade de SRAG em alerta, risco ou alto risco (\u00faltimas duas semanas) com sinal de crescimento de SRAG na tend\u00eancia de longo prazo (\u00faltimas 6 semanas) at\u00e9 a semana 44: Florian\u00f3polis (SC), Jo\u00e3o Pessoa (PB) e Palmas (TO).<\/p>\n<p><strong>Dados epidemiol\u00f3gicos<\/strong><\/p>\n<p>Referente ao ano epidemiol\u00f3gico 2025 j\u00e1 foram notificados 204.086 casos de SRAG, sendo 107.393 (52,6%) com resultado laboratorial positivo para algum v\u00edrus respirat\u00f3rio, 74.297 (36,4%) negativos e ao menos 9.174 (4,5%) aguardando resultado laboratorial. Dados de positividade para semanas recentes est\u00e3o sujeitos a grandes altera\u00e7\u00f5es em atualiza\u00e7\u00f5es seguintes por conta do fluxo de notifica\u00e7\u00e3o de casos e inser\u00e7\u00e3o do resultado laboratorial associado.<\/p>\n<p>Dentre os casos positivos do ano corrente, observou-se 23,2% de influenza A, 1,2% de influenza B, 40,1% de v\u00edrus sincicial respirat\u00f3rio, 28,2% de rinov\u00edrus e 8,2% de Sars-CoV-2 (Covid-19). Nas quatro \u00faltimas semanas epidemiol\u00f3gicas, a preval\u00eancia entre os casos positivos foi de 24,8% de influenza A, 1,3% de influenza B, 6,4% de v\u00edrus sincicial respirat\u00f3rio, 37,8% de rinov\u00edrus, e 14,4% de Sars-CoV-2 (Covid-19).<\/p>\n<p><strong>\u00d3bitos \u00a0<\/strong><\/p>\n<p>Referente aos \u00f3bitos de SRAG em 2025, j\u00e1 foram registrados 12.151 \u00f3bitos de SRAG, sendo 6.216 (51,2%) com resultado laboratorial positivo para algum v\u00edrus respirat\u00f3rio, 4.804 (39,5%) negativos e ao menos 194 (1,6%) aguardando resultado laboratorial. Dentre os \u00f3bitos positivos do ano corrente, observou-se 49,4% de influenza A, 1,8% de influenza B, 11,6% de v\u00edrus sincicial respirat\u00f3rio, 14,4% de rinov\u00edrus e 23,4% de Sars-CoV-2 (Covid-19). Nas quatro \u00faltimas semanas epidemiol\u00f3gicas a preval\u00eancia entre os \u00f3bitos positivos foi de 24,7% de influenza A, 2% de influenza B, 3,5% de v\u00edrus sincicial respirat\u00f3rio, 28,8% de rinov\u00edrus e 39,4% de Sars-CoV-2 (Covid-19).<\/p>\n","protected":false},"excerpt":{"rendered":"Divulgada nesta quinta-feira (6\/11), a mais recente edi\u00e7\u00e3o do Boletim InfoGripe da Fiocruz chama aten\u00e7\u00e3o para a manuten\u00e7\u00e3o&hellip;\n","protected":false},"author":2,"featured_media":141865,"comment_status":"","ping_status":"","sticky":false,"template":"","format":"standard","meta":{"footnotes":""},"categories":[86],"tags":[116,16530,32,33,117],"class_list":{"0":"post-141940","1":"post","2":"type-post","3":"status-publish","4":"format-standard","5":"has-post-thumbnail","7":"category-saude","8":"tag-health","9":"tag-infogripe","10":"tag-portugal","11":"tag-pt","12":"tag-saude"},"share_on_mastodon":{"url":"https:\/\/pubeurope.com\/@pt\/115503826597367619","error":""},"_links":{"self":[{"href":"https:\/\/www.europesays.com\/pt\/wp-json\/wp\/v2\/posts\/141940","targetHints":{"allow":["GET"]}}],"collection":[{"href":"https:\/\/www.europesays.com\/pt\/wp-json\/wp\/v2\/posts"}],"about":[{"href":"https:\/\/www.europesays.com\/pt\/wp-json\/wp\/v2\/types\/post"}],"author":[{"embeddable":true,"href":"https:\/\/www.europesays.com\/pt\/wp-json\/wp\/v2\/users\/2"}],"replies":[{"embeddable":true,"href":"https:\/\/www.europesays.com\/pt\/wp-json\/wp\/v2\/comments?post=141940"}],"version-history":[{"count":0,"href":"https:\/\/www.europesays.com\/pt\/wp-json\/wp\/v2\/posts\/141940\/revisions"}],"wp:featuredmedia":[{"embeddable":true,"href":"https:\/\/www.europesays.com\/pt\/wp-json\/wp\/v2\/media\/141865"}],"wp:attachment":[{"href":"https:\/\/www.europesays.com\/pt\/wp-json\/wp\/v2\/media?parent=141940"}],"wp:term":[{"taxonomy":"category","embeddable":true,"href":"https:\/\/www.europesays.com\/pt\/wp-json\/wp\/v2\/categories?post=141940"},{"taxonomy":"post_tag","embeddable":true,"href":"https:\/\/www.europesays.com\/pt\/wp-json\/wp\/v2\/tags?post=141940"}],"curies":[{"name":"wp","href":"https:\/\/api.w.org\/{rel}","templated":true}]}}