{"id":141941,"date":"2025-11-06T17:03:42","date_gmt":"2025-11-06T17:03:42","guid":{"rendered":"https:\/\/www.europesays.com\/pt\/141941\/"},"modified":"2025-11-06T17:03:42","modified_gmt":"2025-11-06T17:03:42","slug":"cfp-alerta-que-risco-de-franca-pode-vir-a-ter-contagio-na-economia-portuguesa","status":"publish","type":"post","link":"https:\/\/www.europesays.com\/pt\/141941\/","title":{"rendered":"CFP alerta que risco de Fran\u00e7a \u201cpode vir a ter cont\u00e1gio na economia portuguesa\u201d"},"content":{"rendered":"<p>        A entidade que fiscaliza as contas do Estado alerta que \u00e9 preciso ter \u201cmuito cuidado\u201d com as contas p\u00fablicas. \u201cN\u00e3o podemos estar descansados nem relaxados em rela\u00e7\u00e3o \u00e0 nossa situa\u00e7\u00e3o or\u00e7amental\u201d, defendeu Nazar\u00e9 Costa Cabral no Parlamento.    <\/p>\n<p>Nazar\u00e9 da Costa Cabral, presidente do Conselho de Finan\u00e7as P\u00fablicas  | Cristina Bernardo<\/p>\n<p>Nazar\u00e9 da Costa Cabral, presidente do Conselho das Finan\u00e7as P\u00fablicas, avisa o Governo para n\u00e3o baixar os bra\u00e7os na consolida\u00e7\u00e3o or\u00e7amental, porque h\u00e1 riscos internacionais que podem afetar a estabilidade das contas do Estado.<\/p>\n<p>\u201c\u00c9 preciso ter muito cuidado com as nossas contas p\u00fablicas e ter muito cuidado com a nossa d\u00edvida p\u00fablica, que \u00e9 ainda muito elevada, em percentagem do PIB\u201d, afirmou a l\u00edder do CFP durante a audi\u00e7\u00e3o no Parlamento esta quinta-feira, no \u00e2mbito da aprecia\u00e7\u00e3o do Or\u00e7amento do Estado na especialidade.<\/p>\n<p>Considerando que Portugal \u201cn\u00e3o \u00e9 um pa\u00eds forte \u2014 n\u00e3o \u00e9 t\u00e3o forte como Fran\u00e7a, apesar de tudo\u201d, Nazar\u00e9 Costa Cabral sublinha que \u201cFran\u00e7a est\u00e1 numa situa\u00e7\u00e3o de grande dificuldade financeira, porque tem uma d\u00edvida p\u00fablica enorme, que n\u00e3o para de crescer, n\u00e3o tem capacidade de controle das suas contas p\u00fablicas, do seu d\u00e9fice or\u00e7amental\u201d e, por isso, alerta que \u201ca perce\u00e7\u00e3o de risco da Rep\u00fablica Francesa pode, de alguma maneira, vir a ter cont\u00e1gio numa economia como a portuguesa, que est\u00e1 muito dependente tamb\u00e9m da francesa\u201d.<\/p>\n<p>\u201cN\u00f3s n\u00e3o podemos estar descansados nem relaxados em rela\u00e7\u00e3o \u00e0 nossa situa\u00e7\u00e3o or\u00e7amental e \u00e0 nossa situa\u00e7\u00e3o financeira\u201d, conclui Nazar\u00e9 Costa Cabral, que diz nada ter contra a redu\u00e7\u00e3o da carga fiscal, mas pede cautela quando questionada pelos deputados sobre a descida do IRC: \u201cEnquanto n\u00e3o tivermos um controlo efetivo do comportamento da despesa corrente prim\u00e1ria do Estado, pode ser imprudente, neste contexto complexo, at\u00e9 do ponto de vista financeiro, fazer redu\u00e7\u00f5es estruturais de receita p\u00fablica\u201d.<\/p>\n<p><strong>Riscos de lay-offs e despedimentos coletivos<\/strong><\/p>\n<p>Apesar de Nazar\u00e9 da Costa Cabral entender que \u201ca economia portuguesa tem tido um desempenho favor\u00e1vel nos \u00faltimos anos, acompanhado por taxas de emprego tamb\u00e9m muito favor\u00e1veis\u201d, este \u201ccontexto muito benigno\u201d pode ser ensombrado por alguns riscos internacionais \u201cque se t\u00eam vindo a acentuar\u201d e aos quais \u201cconv\u00e9m estar atentos\u201d.<\/p>\n<p>Al\u00e9m da situa\u00e7\u00e3o francesa, a l\u00edder do CFP destaca \u201ctoda esta altera\u00e7\u00e3o da pol\u00edtica comercial e as dificuldades em termos de reconfigura\u00e7\u00e3o das cadeias de abastecimento\u201d, nomeadamente o \u201cfornecimento de chips, mat\u00e9rias-primas e outros componentes que v\u00eam, em grande medida, da China para as empresas europeias e que podem afetar a breve trecho a atividade econ\u00f3mica das empresas\u201d. Nazar\u00e9 da Costa Cabral alerta para os \u201criscos de impactos sociais\u201d que estes problemas podem gerar, \u201csejam lay-offs ou at\u00e9 de despedimentos coletivos\u201d.<\/p>\n<p>\u201cAcho que, neste momento, o setor produtivo est\u00e1 a sofrer j\u00e1 os efeitos quer das altera\u00e7\u00f5es de tarifas, quer da reconfigura\u00e7\u00e3o da pol\u00edtica comercial e destas dificuldades muito particulares de abastecimento de v\u00e1rias empresas\u201d, considera a economista. Por outro lado, salienta \u201co impacto que j\u00e1 se come\u00e7a a fazer sentir da intelig\u00eancia artificial e da robotiza\u00e7\u00e3o das empresas\u201d. Uma vez que \u201ch\u00e1 empresas que j\u00e1 est\u00e3o a antecipar esses efeitos\u201d, a l\u00edder do CFP constata que h\u00e1 \u201cum aumento dos despedimentos em certos setores\u201d.<\/p>\n<p>Nazar\u00e9 da Costa Cabral alerta ainda para a \u201cvulnerabilidade\u201d da economia portuguesa, porque est\u00e1 \u201cmuito exposta ao setor do turismo\u201d. O risco, neste caso, \u00e9 que \u201cqualquer agudizar da situa\u00e7\u00e3o geopol\u00edtica possa afetar\u201d a atividade tur\u00edstica.<\/p>\n<p>Nesta audi\u00e7\u00e3o parlamentar, Nazar\u00e9 da Costa Cabral reiterou ainda <a href=\"https:\/\/jornaleconomico.sapo.pt\/noticias\/cfp-diz-que-excedente-nao-bate-certo-e-peca-na-transparencia\/\" rel=\"nofollow noopener\" target=\"_blank\">as d\u00favidas que j\u00e1 tinha manifestado quando o CFP fez o parecer ao Or\u00e7amento do Estado<\/a>, nomeadamente sobre o facto de a despesa estar subestimada e a receita alavancada em dividendos e venda de im\u00f3veis.<\/p>\n<p>Atualizado com mais informa\u00e7\u00e3o sobre os riscos \u00e0s 15h44<\/p>\n","protected":false},"excerpt":{"rendered":"A entidade que fiscaliza as contas do Estado alerta que \u00e9 preciso ter \u201cmuito cuidado\u201d com as contas&hellip;\n","protected":false},"author":2,"featured_media":141942,"comment_status":"","ping_status":"","sticky":false,"template":"","format":"standard","meta":{"footnotes":""},"categories":[83],"tags":[88,476,89,90,4467,208,32,33,6806],"class_list":{"0":"post-141941","1":"post","2":"type-post","3":"status-publish","4":"format-standard","5":"has-post-thumbnail","7":"category-empresas","8":"tag-business","9":"tag-economia","10":"tag-economy","11":"tag-empresas","12":"tag-financas-publicas","13":"tag-franca","14":"tag-portugal","15":"tag-pt","16":"tag-riscos"},"share_on_mastodon":{"url":"https:\/\/pubeurope.com\/@pt\/115503838377861874","error":""},"_links":{"self":[{"href":"https:\/\/www.europesays.com\/pt\/wp-json\/wp\/v2\/posts\/141941","targetHints":{"allow":["GET"]}}],"collection":[{"href":"https:\/\/www.europesays.com\/pt\/wp-json\/wp\/v2\/posts"}],"about":[{"href":"https:\/\/www.europesays.com\/pt\/wp-json\/wp\/v2\/types\/post"}],"author":[{"embeddable":true,"href":"https:\/\/www.europesays.com\/pt\/wp-json\/wp\/v2\/users\/2"}],"replies":[{"embeddable":true,"href":"https:\/\/www.europesays.com\/pt\/wp-json\/wp\/v2\/comments?post=141941"}],"version-history":[{"count":0,"href":"https:\/\/www.europesays.com\/pt\/wp-json\/wp\/v2\/posts\/141941\/revisions"}],"wp:featuredmedia":[{"embeddable":true,"href":"https:\/\/www.europesays.com\/pt\/wp-json\/wp\/v2\/media\/141942"}],"wp:attachment":[{"href":"https:\/\/www.europesays.com\/pt\/wp-json\/wp\/v2\/media?parent=141941"}],"wp:term":[{"taxonomy":"category","embeddable":true,"href":"https:\/\/www.europesays.com\/pt\/wp-json\/wp\/v2\/categories?post=141941"},{"taxonomy":"post_tag","embeddable":true,"href":"https:\/\/www.europesays.com\/pt\/wp-json\/wp\/v2\/tags?post=141941"}],"curies":[{"name":"wp","href":"https:\/\/api.w.org\/{rel}","templated":true}]}}