{"id":141955,"date":"2025-11-06T17:22:15","date_gmt":"2025-11-06T17:22:15","guid":{"rendered":"https:\/\/www.europesays.com\/pt\/141955\/"},"modified":"2025-11-06T17:22:15","modified_gmt":"2025-11-06T17:22:15","slug":"belem-do-para-novos-espacos-e-velhos-problemas-na-cop-da-teimosia-de-lula-diario-de-noticias","status":"publish","type":"post","link":"https:\/\/www.europesays.com\/pt\/141955\/","title":{"rendered":"Bel\u00e9m do Par\u00e1. Novos espa\u00e7os e velhos problemas na COP da teimosia de Lula &#8211; Di\u00e1rio de Not\u00edcias"},"content":{"rendered":"<ol>\n<li><a href=\"https:\/\/news.google.com\/rss\/articles\/CBMipAFBVV95cUxQaUVtdzJjd250ZmUtS04xZ1ZBcUdSQmhOWTRWYl9uUnphSzY4SGI4NVozMW1qVmVpU19oQV9mLW5pOHhXYzlJTkxWdW9xSHpqVEE1elJfSlFRZ2dBNk1WZmJ2RkNhUy1HVUFVbHRnYjNVc2NKNDhoMEpPU3BnZ1FIWFdsNGxkUDB2MWFtWmppVDFSWjk3WjZEUFY1X3VVUXVKS2ZtUg?oc=5\" target=\"_blank\" rel=\"nofollow noopener\">Bel\u00e9m do Par\u00e1. Novos espa\u00e7os e velhos problemas na COP da teimosia de Lula<\/a>&nbsp;&nbsp;Di\u00e1rio de Not\u00edcias<\/li>\n<li><a href=\"https:\/\/news.google.com\/rss\/articles\/CBMitwFBVV95cUxQYm5OVG1PTnBWQl9aWW9ZLXNlNmdYTUdUM01QT1REOGhaTlFyQWlwZTZlYWlodjNJUFBwVmRtcjVJb1BlcUFnWDlaUmxDTmd0MWl5ZDhRSGhwek53cTZacldlaXA2aU1PcnFCa1JqaHFOb1JjN1VzajJDc0w0X3ZmbWhPT1lnOUpvdTlRTDUwS0hkWHVySzcyMnhnVUh3Nk9wb203Ykh1YjUzc1U2dzFFLWE0ZEQ4WnM?oc=5\" target=\"_blank\" rel=\"nofollow noopener\">Deputado aciona PGR e TCU por supostas irregularidades em barco de Lula<\/a>&nbsp;&nbsp;Poder360<\/li>\n<li><a href=\"https:\/\/news.google.com\/rss\/articles\/CBMioAFBVV95cUxNS2YwQUcxOFFHbTVWcVktNGMyYmFielRmU2NyRFhOcENDblBkamRVS2tzTnVBaVROU2NvbGNteTlUM0xqX2xieTBCVUY0UDllb29EaW93T1dGUGZsUnBBcGo5ZXVwUm1RQk05N1Jham91Tm5pWVJwcnVmRW96UDZ1UW84TTVlU0t1WldPNEpNMS1ybS1nNlVfNWhuLWwza29M?oc=5\" target=\"_blank\" rel=\"nofollow noopener\">A dancinha de Janja em barco que hospeda Lula na COP30<\/a>&nbsp;&nbsp;VEJA<\/li>\n<li><a href=\"https:\/\/news.google.com\/rss\/articles\/CBMi6gFBVV95cUxOYmI4Z2laQXFPT3hQN1p4dnphZkFGUjA1dmtXU2ItZUVtYUlidVNtYU9RempWNDB3eWswbGkxN2JvckF6X0FGVG9pQWdEcHlYVTAzNTF5RVlaazFZY3dwemo2Z3BYaDY0SHRTLUwwOUlFaXpjclNQblE0Q0dGUk9SWFFZQ3VPNFlkQ1gzUHoxQVpuSlJ4RVFNSGpwaDdVM0xtdEoyckJSQzd5TmdfVnlnWlMxaEk1NlZsM3VPQWotMC0wTmQ2M0swekVPTFNuWlZ6T1dHUUhYSi0ybFpZSUUzb2M1T000TzdGdmc?oc=5\" target=\"_blank\" rel=\"nofollow noopener\">Mentiras de &#8216;for\u00e7as extremistas&#8217; contribuem para a degrada\u00e7\u00e3o ambiental, afirma Lula em Bel\u00e9m<\/a>&nbsp;&nbsp;UOL Not\u00edcias<\/li>\n<li><a href=\"https:\/\/news.google.com\/rss\/articles\/CBMi4wFBVV95cUxOU0hqWVgzVGs5aHI0TGtfM2ZMYThBbjZnTVFzNDA3ZW1kMWpIc0JDTEphR3VnR3Q4ZXZPaGt6cXg5NmNKc0hwTmNlb3F6MnItdzhOdmhrcVlCSlhuVTVfRTBBaXNwQzBScFg2a0s0dWRMZVF6MTBLd2hESVFHQ3U5QXNlb0EyQWtlZEU2YTZ2ZzliVUZJbXVQaGJYS21fTXhHVVNWeXBqVEw2dTdFdzVDdkIzVWg5aU4wQ0tHMTFuWTBzRi02TTJmYk00Q2xsaGhHRnlCWVdZQmNDMXdPamh2bU12RdIB8gFBVV95cUxNVHkzRWxNaFJEVUJMeGVBSTh1aUVsQ2tMZ2Z2d1BVTlQ5MmJWdjRmZDNxZmwzd1A1RjVEa3hFMm1pOHk2MHo3bmZaRGlTcWh6YUR0dHhTT3FPdEdvWFJRakJHbVpJR1lmQUFBOXpyeTZWZEZRaUFBU0JzbXhoVTlsUi1ZTEY2LTVVMm1PMUVhcE1HZjVIZ21ueG9NRXFOcmJzMGpPeXMxMmtSZUxfLUFQbGFsQUhHYWUzbEZ6bDlyRFVYc1B3N1hwT0tmdjJ0T3FDZ2N6QjAxa2N1LTlIM2tkdVFLYnFCV3owRUE1M2N2MkdMQQ?oc=5\" target=\"_blank\" rel=\"nofollow noopener\">Lula discursa em instantes na C\u00fapula de Bel\u00e9m; siga ao vivo<\/a>&nbsp;&nbsp;O Globo<\/li>\n<\/ol>\n","protected":false},"excerpt":{"rendered":"Bel\u00e9m do Par\u00e1. Novos espa\u00e7os e velhos problemas na COP da teimosia de Lula&nbsp;&nbsp;Di\u00e1rio de Not\u00edcias Deputado aciona&hellip;\n","protected":false},"author":2,"featured_media":141956,"comment_status":"","ping_status":"","sticky":false,"template":"","format":"standard","meta":{"footnotes":""},"categories":[50],"tags":[4508,726,27,28,6391,306,15,16,14,82,25,26,6662,21,22,62,12,13,19,20,23,24,17,18,29,30,31,63,64,65],"class_list":{"0":"post-141955","1":"post","2":"type-post","3":"status-publish","4":"format-standard","5":"has-post-thumbnail","7":"category-mundo","8":"tag-belem","9":"tag-brasil","10":"tag-breaking-news","11":"tag-breakingnews","12":"tag-cop30","13":"tag-edicao-impressa","14":"tag-featured-news","15":"tag-featurednews","16":"tag-headlines","17":"tag-internacional","18":"tag-latest-news","19":"tag-latestnews","20":"tag-lula-da-silva","21":"tag-main-news","22":"tag-mainnews","23":"tag-mundo","24":"tag-news","25":"tag-noticias","26":"tag-noticias-principais","27":"tag-noticiasprincipais","28":"tag-principais-noticias","29":"tag-principaisnoticias","30":"tag-top-stories","31":"tag-topstories","32":"tag-ultimas","33":"tag-ultimas-noticias","34":"tag-ultimasnoticias","35":"tag-world","36":"tag-world-news","37":"tag-worldnews"},"share_on_mastodon":{"url":"https:\/\/pubeurope.com\/@pt\/115503912969661464","error":""},"_links":{"self":[{"href":"https:\/\/www.europesays.com\/pt\/wp-json\/wp\/v2\/posts\/141955","targetHints":{"allow":["GET"]}}],"collection":[{"href":"https:\/\/www.europesays.com\/pt\/wp-json\/wp\/v2\/posts"}],"about":[{"href":"https:\/\/www.europesays.com\/pt\/wp-json\/wp\/v2\/types\/post"}],"author":[{"embeddable":true,"href":"https:\/\/www.europesays.com\/pt\/wp-json\/wp\/v2\/users\/2"}],"replies":[{"embeddable":true,"href":"https:\/\/www.europesays.com\/pt\/wp-json\/wp\/v2\/comments?post=141955"}],"version-history":[{"count":0,"href":"https:\/\/www.europesays.com\/pt\/wp-json\/wp\/v2\/posts\/141955\/revisions"}],"wp:featuredmedia":[{"embeddable":true,"href":"https:\/\/www.europesays.com\/pt\/wp-json\/wp\/v2\/media\/141956"}],"wp:attachment":[{"href":"https:\/\/www.europesays.com\/pt\/wp-json\/wp\/v2\/media?parent=141955"}],"wp:term":[{"taxonomy":"category","embeddable":true,"href":"https:\/\/www.europesays.com\/pt\/wp-json\/wp\/v2\/categories?post=141955"},{"taxonomy":"post_tag","embeddable":true,"href":"https:\/\/www.europesays.com\/pt\/wp-json\/wp\/v2\/tags?post=141955"}],"curies":[{"name":"wp","href":"https:\/\/api.w.org\/{rel}","templated":true}]}}