{"id":141959,"date":"2025-11-06T17:25:10","date_gmt":"2025-11-06T17:25:10","guid":{"rendered":"https:\/\/www.europesays.com\/pt\/141959\/"},"modified":"2025-11-06T17:25:10","modified_gmt":"2025-11-06T17:25:10","slug":"patricia-abravanel-abre-a-intimidade-e-mostra-fotos-de-viagem-com-o-marido","status":"publish","type":"post","link":"https:\/\/www.europesays.com\/pt\/141959\/","title":{"rendered":"Patricia Abravanel abre a intimidade e mostra fotos de viagem com o marido"},"content":{"rendered":"<p>A apresentadora <a href=\"https:\/\/caras.com.br\/tags\/patricia-abravanel\" rel=\"nofollow noopener\" target=\"_blank\"><strong>Patricia Abravanel<\/strong><\/a> encantou ao mostrar fotos raras ao lado do marido, o pol\u00edtico <strong>F\u00e1bio Faria<\/strong>, com quem est\u00e1 casada desde 2017 e tem tr\u00eas filhos. Discreta com sua vida pessoal, raramente ela mostra seu relacionamento, mas, dessa vez, ela exibiu os cliques que fizeram durante uma viagem fora do Brasil.<\/p>\n<p>A herdeira de <strong>Silvio Santos<\/strong> contou em poucas palavras, na legenda do \u00e1lbum, que arranjaram um tempo meio aos compromissos para se curtirem. O casal apareceu \u201cturistando\u201d e fazendo alguns passeios pela cidade onde estavam.<\/p>\n<p>\u201cDias de trabalho e compromissos mas sempre conseguimos encaixar um tempinho pra n\u00f3s!\u201c, escreveu a famosa sobre como funciona a rela\u00e7\u00e3o deles mesmo com uma agenda bastante agitada.<\/p>\n<p>No \u00faltimo m\u00eas, <a href=\"https:\/\/caras.com.br\/datas-especiais\/patricia-abravanel-tem-carro-roubado-em-seu-aniversario-com-emocao.phtml\" rel=\"nofollow noopener\" target=\"_blank\">Patricia Abravanel completou 48 anos e comemorou de forma intimista em casa<\/a>. Na ocasi\u00e3o, <strong>Rebeca Abravanel<\/strong> mostrou a pequena reuni\u00e3o que fizeram na resid\u00eancia e brincou sobre terem tido um carro roubado. No dia de seu anivers\u00e1rio, a comunicadora precisou fazer a den\u00fancia e recebeu a pol\u00edcia em seu lar.<\/p>\n<blockquote class=\"instagram-media\" style=\"background: #FFF; border: 0; border-radius: 3px; box-shadow: 0 0 1px 0 rgba(0,0,0,0.5),0 1px 10px 0 rgba(0,0,0,0.15); margin: 1px; max-width: 540px; min-width: 326px; padding: 0; width: calc(100% - 2px);\" data-instgrm-captioned=\"\" data-instgrm-permalink=\"https:\/\/www.instagram.com\/p\/DQsX9xwj3TW\/?utm_source=ig_embed&amp;utm_campaign=loading\" data-instgrm-version=\"14\"><\/blockquote>\n<p> Patricia Abravanel impressiona ao surgir com a filha <\/p>\n<p>A apresentadora <a href=\"https:\/\/caras.com.br\/tags\/patricia-abravanel\" target=\"_blank\" rel=\"noopener nofollow\"><strong>Patricia Abravanel<\/strong><\/a> compartilhou novas fotos de uma viagem que fez com a fam\u00edlia na Europa. Na ocasi\u00e3o, a comunicadora do SBT postou clique ao lado de sua filha do meio, <strong>Jane Abravanel Faria<\/strong>, de sete anos, e chamou a aten\u00e7\u00e3o. Isso porque a menina \u00e9 quase a cara da m\u00e3e!<\/p>\n<p>Muito parecida com a famosa, a herdeira apareceu quase do tamanho de Patricia. Al\u00e9m de publicar o registro apenas com a menina, Patricia Abravanel ainda postou uma outra foto ao lado do marido, <strong>F\u00e1bio Faria<\/strong>, e dos outros dois filhos, o mais velho, <strong>Pedro,<\/strong> e o mais novo, <strong>Senor<\/strong>. <a href=\"https:\/\/caras.com.br\/atualidades\/cara-da-mae-filha-de-patricia-abravanel-surge-gigante-em-foto-com-famosa.phtml\" rel=\"nofollow noopener\" target=\"_blank\">Veja os cliques da fam\u00edlia aqui<\/a>!<\/p>\n<p>        <a href=\"https:\/\/caras.com.br\/autor\/nataly-paschoal\" rel=\"nofollow noopener\" target=\"_blank\">&#13;<br \/>\n          <img loading=\"lazy\" decoding=\"async\" alt=\"Nataly Paschoal\" src=\"https:\/\/www.europesays.com\/pt\/wp-content\/uploads\/2025\/09\/nataly-paschoal_sqmd.jpg\" class=\"avatar avatar-115 photo rounded-circle\" height=\"115\" width=\"115\"\/>        <\/a><\/p>\n<p><b>Nataly Paschoal <\/b>\u00e9 rep\u00f3rter de conte\u00fado do site CARAS. Formada em jornalismo pela Faculdade C\u00e1sper L\u00edbero, ela j\u00e1 passou por sites como Todateen, Sportlife e espnW. Escreve sobre celebridades, TV, reality show e novelas.<\/p>\n<p>\t                                            <script async src=\"\/\/www.instagram.com\/embed.js\"><\/script><\/p>\n","protected":false},"excerpt":{"rendered":"A apresentadora Patricia Abravanel encantou ao mostrar fotos raras ao lado do marido, o pol\u00edtico F\u00e1bio Faria, com&hellip;\n","protected":false},"author":2,"featured_media":141960,"comment_status":"","ping_status":"","sticky":false,"template":"","format":"standard","meta":{"footnotes":""},"categories":[145],"tags":[211,210,114,115,31439,31440,31441,30391,32,33],"class_list":{"0":"post-141959","1":"post","2":"type-post","3":"status-publish","4":"format-standard","5":"has-post-thumbnail","7":"category-celebridades","8":"tag-celebridades","9":"tag-celebrities","10":"tag-entertainment","11":"tag-entretenimento","12":"tag-esposo-patricia-abravanel","13":"tag-fabio-faria","14":"tag-marido-patricia-abravanel","15":"tag-patricia-abravanel","16":"tag-portugal","17":"tag-pt"},"share_on_mastodon":{"url":"https:\/\/pubeurope.com\/@pt\/115503924841145037","error":""},"_links":{"self":[{"href":"https:\/\/www.europesays.com\/pt\/wp-json\/wp\/v2\/posts\/141959","targetHints":{"allow":["GET"]}}],"collection":[{"href":"https:\/\/www.europesays.com\/pt\/wp-json\/wp\/v2\/posts"}],"about":[{"href":"https:\/\/www.europesays.com\/pt\/wp-json\/wp\/v2\/types\/post"}],"author":[{"embeddable":true,"href":"https:\/\/www.europesays.com\/pt\/wp-json\/wp\/v2\/users\/2"}],"replies":[{"embeddable":true,"href":"https:\/\/www.europesays.com\/pt\/wp-json\/wp\/v2\/comments?post=141959"}],"version-history":[{"count":0,"href":"https:\/\/www.europesays.com\/pt\/wp-json\/wp\/v2\/posts\/141959\/revisions"}],"wp:featuredmedia":[{"embeddable":true,"href":"https:\/\/www.europesays.com\/pt\/wp-json\/wp\/v2\/media\/141960"}],"wp:attachment":[{"href":"https:\/\/www.europesays.com\/pt\/wp-json\/wp\/v2\/media?parent=141959"}],"wp:term":[{"taxonomy":"category","embeddable":true,"href":"https:\/\/www.europesays.com\/pt\/wp-json\/wp\/v2\/categories?post=141959"},{"taxonomy":"post_tag","embeddable":true,"href":"https:\/\/www.europesays.com\/pt\/wp-json\/wp\/v2\/tags?post=141959"}],"curies":[{"name":"wp","href":"https:\/\/api.w.org\/{rel}","templated":true}]}}