{"id":141967,"date":"2025-11-06T17:36:23","date_gmt":"2025-11-06T17:36:23","guid":{"rendered":"https:\/\/www.europesays.com\/pt\/141967\/"},"modified":"2025-11-06T17:36:23","modified_gmt":"2025-11-06T17:36:23","slug":"kiev-acusa-russia-de-ataques-com-80-drones-durante-a-madrugada-2","status":"publish","type":"post","link":"https:\/\/www.europesays.com\/pt\/141967\/","title":{"rendered":"Kiev acusa R\u00fassia de ataques com 80 drones durante a madrugada"},"content":{"rendered":"<p>&#13;<br \/>\nAt\u00e9 ao momento n\u00e3o h\u00e1 registo de eventuais v\u00edtimas ou danos materiais, na Ucr\u00e2nia.&#13;\n<\/p>\n<p>&#13;<br \/>\nPor outro lado, as for\u00e7as ucranianas reclamaram um ataque contra territ\u00f3rio russo, que atingiu e danificou a\u00a0central termoel\u00e9trica na regi\u00e3o russa de Oryol.&#13;\n<\/p>\n<p>&#13;<br \/>\nA central de Oryol j\u00e1 tinha sido atingida por m\u00edsseis lan\u00e7ados pela Marinha Ucraniana no dia 31 de outubro.&#13;\n<\/p>\n<p>&#13;<br \/>\nA Ucr\u00e2nia tenta atingir centrais el\u00e9tricas russas em resposta \u00e0 campanha de bombardeamentos russos contra centrais el\u00e9tricas ucranianas.&#13;\n<\/p>\n<p>&#13;<br \/>\nAndriy Kovalenko, do Conselho de Seguran\u00e7a Nacional da Ucr\u00e2nia, explicou que as for\u00e7as ucranianas levaram a cabo v\u00e1rios ataques contra posi\u00e7\u00f5es de &#8220;retaguarda russas&#8221;.&#13;<\/p>\n","protected":false},"excerpt":{"rendered":"&#13; At\u00e9 ao momento n\u00e3o h\u00e1 registo de eventuais v\u00edtimas ou danos materiais, na Ucr\u00e2nia.&#13; &#13; Por outro&hellip;\n","protected":false},"author":2,"featured_media":101127,"comment_status":"","ping_status":"","sticky":false,"template":"","format":"standard","meta":{"footnotes":""},"categories":[50],"tags":[27,28,15,16,14,25,26,21,22,62,12,13,19,20,23,24,420,421,17,18,29,30,31,63,64,65],"class_list":{"0":"post-141967","1":"post","2":"type-post","3":"status-publish","4":"format-standard","5":"has-post-thumbnail","7":"category-mundo","8":"tag-breaking-news","9":"tag-breakingnews","10":"tag-featured-news","11":"tag-featurednews","12":"tag-headlines","13":"tag-latest-news","14":"tag-latestnews","15":"tag-main-news","16":"tag-mainnews","17":"tag-mundo","18":"tag-news","19":"tag-noticias","20":"tag-noticias-principais","21":"tag-noticiasprincipais","22":"tag-principais-noticias","23":"tag-principaisnoticias","24":"tag-rtp","25":"tag-rtp-noticias","26":"tag-top-stories","27":"tag-topstories","28":"tag-ultimas","29":"tag-ultimas-noticias","30":"tag-ultimasnoticias","31":"tag-world","32":"tag-world-news","33":"tag-worldnews"},"share_on_mastodon":{"url":"https:\/\/pubeurope.com\/@pt\/115503967991108495","error":""},"_links":{"self":[{"href":"https:\/\/www.europesays.com\/pt\/wp-json\/wp\/v2\/posts\/141967","targetHints":{"allow":["GET"]}}],"collection":[{"href":"https:\/\/www.europesays.com\/pt\/wp-json\/wp\/v2\/posts"}],"about":[{"href":"https:\/\/www.europesays.com\/pt\/wp-json\/wp\/v2\/types\/post"}],"author":[{"embeddable":true,"href":"https:\/\/www.europesays.com\/pt\/wp-json\/wp\/v2\/users\/2"}],"replies":[{"embeddable":true,"href":"https:\/\/www.europesays.com\/pt\/wp-json\/wp\/v2\/comments?post=141967"}],"version-history":[{"count":0,"href":"https:\/\/www.europesays.com\/pt\/wp-json\/wp\/v2\/posts\/141967\/revisions"}],"wp:featuredmedia":[{"embeddable":true,"href":"https:\/\/www.europesays.com\/pt\/wp-json\/wp\/v2\/media\/101127"}],"wp:attachment":[{"href":"https:\/\/www.europesays.com\/pt\/wp-json\/wp\/v2\/media?parent=141967"}],"wp:term":[{"taxonomy":"category","embeddable":true,"href":"https:\/\/www.europesays.com\/pt\/wp-json\/wp\/v2\/categories?post=141967"},{"taxonomy":"post_tag","embeddable":true,"href":"https:\/\/www.europesays.com\/pt\/wp-json\/wp\/v2\/tags?post=141967"}],"curies":[{"name":"wp","href":"https:\/\/api.w.org\/{rel}","templated":true}]}}