{"id":141980,"date":"2025-11-06T17:56:08","date_gmt":"2025-11-06T17:56:08","guid":{"rendered":"https:\/\/www.europesays.com\/pt\/141980\/"},"modified":"2025-11-06T17:56:08","modified_gmt":"2025-11-06T17:56:08","slug":"estamos-a-falar-de-te-teres-feito-de-vitima-e-tu-vais-buscar-o-meu-ex-ana-e-liliana-gritam-uma-na-cara-da-outra-secret-story","status":"publish","type":"post","link":"https:\/\/www.europesays.com\/pt\/141980\/","title":{"rendered":"\u00abEstamos a falar de te teres feito de v\u00edtima e tu vais buscar o meu ex\u00bb: Ana e Liliana gritam uma na cara da outra &#8211; Secret Story"},"content":{"rendered":"<p>No Secret Story 9, \u00e9 a vez de Raquel ler da Folha dos Mexericos, e Ana volta a ser a concorrente visada. Desta vez, o mexerico tem a ver com o facto de Ana &#8220;falar muito e s\u00f3 dizer coisas sem sentido&#8221;. F\u00e1bio, Ana Cristina e Raquel chegam a concordar com o mexerico e justificam. Depois, Ana e Liliana &#8220;passam-se&#8221; uma com a outra por Ana ter ido buscar a conversa de Z\u00e9, o ex-noivo de Liliana. As duas gritam uma na cara da outra.\u00a0<\/p>\n<p><strong>H\u00e1 cinco nomeados em risco de sair j\u00e1 no pr\u00f3ximo domingo. VOTE PARA SALVAR:\u00a0<\/strong><\/p>\n<p>ANA CRISTINA \u2013 761 20 20 02<br \/>BRUNO \u2013 761 20 20 04<br \/>IN\u00caS \u2013 761 20 20 10<br \/>PEDRO \u2013 761 20 20 18<br \/>RAQUEL \u2013 761 20 20 22<\/p>\n<p><strong><a href=\"https:\/\/tvi.iol.pt\/secretstory\/aominuto\" wbo-id=\"32\" rel=\"nofollow noopener\" target=\"_blank\">Acompanhe tudo o que se passa na casa mais vigiada do Pa\u00eds<\/a><\/strong><\/p>\n","protected":false},"excerpt":{"rendered":"No Secret Story 9, \u00e9 a vez de Raquel ler da Folha dos Mexericos, e Ana volta a&hellip;\n","protected":false},"author":2,"featured_media":141981,"comment_status":"","ping_status":"","sticky":false,"template":"","format":"standard","meta":{"footnotes":""},"categories":[142],"tags":[114,115,19033,19034,32,33,151,19032],"class_list":{"0":"post-141980","1":"post","2":"type-post","3":"status-publish","4":"format-standard","5":"has-post-thumbnail","7":"category-tv","8":"tag-entertainment","9":"tag-entretenimento","10":"tag-galas-em-video","11":"tag-melhores-momentos-casa-dos-segredos","12":"tag-portugal","13":"tag-pt","14":"tag-tv","15":"tag-videos-secret-story-tvi"},"share_on_mastodon":{"url":"https:\/\/pubeurope.com\/@pt\/115504046755396844","error":""},"_links":{"self":[{"href":"https:\/\/www.europesays.com\/pt\/wp-json\/wp\/v2\/posts\/141980","targetHints":{"allow":["GET"]}}],"collection":[{"href":"https:\/\/www.europesays.com\/pt\/wp-json\/wp\/v2\/posts"}],"about":[{"href":"https:\/\/www.europesays.com\/pt\/wp-json\/wp\/v2\/types\/post"}],"author":[{"embeddable":true,"href":"https:\/\/www.europesays.com\/pt\/wp-json\/wp\/v2\/users\/2"}],"replies":[{"embeddable":true,"href":"https:\/\/www.europesays.com\/pt\/wp-json\/wp\/v2\/comments?post=141980"}],"version-history":[{"count":0,"href":"https:\/\/www.europesays.com\/pt\/wp-json\/wp\/v2\/posts\/141980\/revisions"}],"wp:featuredmedia":[{"embeddable":true,"href":"https:\/\/www.europesays.com\/pt\/wp-json\/wp\/v2\/media\/141981"}],"wp:attachment":[{"href":"https:\/\/www.europesays.com\/pt\/wp-json\/wp\/v2\/media?parent=141980"}],"wp:term":[{"taxonomy":"category","embeddable":true,"href":"https:\/\/www.europesays.com\/pt\/wp-json\/wp\/v2\/categories?post=141980"},{"taxonomy":"post_tag","embeddable":true,"href":"https:\/\/www.europesays.com\/pt\/wp-json\/wp\/v2\/tags?post=141980"}],"curies":[{"name":"wp","href":"https:\/\/api.w.org\/{rel}","templated":true}]}}