{"id":141984,"date":"2025-11-06T17:59:08","date_gmt":"2025-11-06T17:59:08","guid":{"rendered":"https:\/\/www.europesays.com\/pt\/141984\/"},"modified":"2025-11-06T17:59:08","modified_gmt":"2025-11-06T17:59:08","slug":"ele-tem-um-enorme-impacto-em-tudo-o-que-diz","status":"publish","type":"post","link":"https:\/\/www.europesays.com\/pt\/141984\/","title":{"rendered":"\u00abEle tem um enorme impacto em tudo o que diz\u00bb"},"content":{"rendered":"<p>&#8211; Advertisement &#8211;<\/p>\n<p><strong>Ruben Amorim realizou a antevis\u00e3o do duelo entre o Tottenham e o Manchester United. Duelo marca a 11.\u00aa jornada da Premier League.<\/strong><\/p>\n<p>Ruben Amorim fez a antevis\u00e3o da pr\u00f3xima jornada da Premier League contra o Tottenham. O trinador portugu\u00eas foi questionado quanto \u00e0s <a href=\"https:\/\/bolanarede.pt\/especial-bola-na-rede\/atualidade\/cristiano-ronaldo-defende-ruben-amorim-e-fala-do-desafio-no-manchester-united-ele-nao-vai-fazer-milagres\/\" target=\"_blank\" rel=\"noreferrer noopener nofollow\">palavras de Cristiano Ronaldo sobre o Manchester United<\/a>.<\/p>\n<p>\u00abEle sabe mais e tem um enorme impacto em tudo o que diz. Precisamos de nos concentrar no futuro. N\u00f3s, como clube, cometemos muitos erros no passado. N\u00e3o nos concentremos no que aconteceu. Estamos a mudar muitas coisas na estrutura, na forma como queremos que os jogadores se comportem\u00bb, frisou Ruben Amorim. <\/p>\n<p>O Tottenham x Manchester United tem apito inicial marcado para as 12h30 deste s\u00e1bado, dia 8 de novembro. L\u00ea <a href=\"https:\/\/bolanarede.pt\/especial-bola-na-rede\/atualidade\/ruben-amorim-reencontra-tottenham-depois-da-final-perdida-da-europa-league-temos-mais-tempo-para-treinar-para-conhecer-os-jogadores\/\" target=\"_blank\" rel=\"noreferrer noopener nofollow\">mais declara\u00e7\u00f5es de Ruben Amorim na antevis\u00e3o<\/a><\/p>\n","protected":false},"excerpt":{"rendered":"&#8211; Advertisement &#8211; Ruben Amorim realizou a antevis\u00e3o do duelo entre o Tottenham e o Manchester United. Duelo&hellip;\n","protected":false},"author":2,"featured_media":141985,"comment_status":"","ping_status":"","sticky":false,"template":"","format":"standard","meta":{"footnotes":""},"categories":[87],"tags":[260,667,135,663,32,666,33,1052,134],"class_list":{"0":"post-141984","1":"post","2":"type-post","3":"status-publish","4":"format-standard","5":"has-post-thumbnail","7":"category-desporto","8":"tag-atualidade","9":"tag-cristiano-ronaldo","10":"tag-desporto","11":"tag-manchester-united","12":"tag-portugal","13":"tag-premier-league","14":"tag-pt","15":"tag-ruben-amorim","16":"tag-sports"},"share_on_mastodon":{"url":"https:\/\/pubeurope.com\/@pt\/115504059149366921","error":""},"_links":{"self":[{"href":"https:\/\/www.europesays.com\/pt\/wp-json\/wp\/v2\/posts\/141984","targetHints":{"allow":["GET"]}}],"collection":[{"href":"https:\/\/www.europesays.com\/pt\/wp-json\/wp\/v2\/posts"}],"about":[{"href":"https:\/\/www.europesays.com\/pt\/wp-json\/wp\/v2\/types\/post"}],"author":[{"embeddable":true,"href":"https:\/\/www.europesays.com\/pt\/wp-json\/wp\/v2\/users\/2"}],"replies":[{"embeddable":true,"href":"https:\/\/www.europesays.com\/pt\/wp-json\/wp\/v2\/comments?post=141984"}],"version-history":[{"count":0,"href":"https:\/\/www.europesays.com\/pt\/wp-json\/wp\/v2\/posts\/141984\/revisions"}],"wp:featuredmedia":[{"embeddable":true,"href":"https:\/\/www.europesays.com\/pt\/wp-json\/wp\/v2\/media\/141985"}],"wp:attachment":[{"href":"https:\/\/www.europesays.com\/pt\/wp-json\/wp\/v2\/media?parent=141984"}],"wp:term":[{"taxonomy":"category","embeddable":true,"href":"https:\/\/www.europesays.com\/pt\/wp-json\/wp\/v2\/categories?post=141984"},{"taxonomy":"post_tag","embeddable":true,"href":"https:\/\/www.europesays.com\/pt\/wp-json\/wp\/v2\/tags?post=141984"}],"curies":[{"name":"wp","href":"https:\/\/api.w.org\/{rel}","templated":true}]}}