{"id":141988,"date":"2025-11-06T18:04:18","date_gmt":"2025-11-06T18:04:18","guid":{"rendered":"https:\/\/www.europesays.com\/pt\/141988\/"},"modified":"2025-11-06T18:04:18","modified_gmt":"2025-11-06T18:04:18","slug":"tufao-kalmaegi-obriga-filipinas-a-declarar-estado-de-emergencia-ja-morreram-142-pessoas","status":"publish","type":"post","link":"https:\/\/www.europesays.com\/pt\/141988\/","title":{"rendered":"Tuf\u00e3o Kalmaegi obriga Filipinas a declarar estado de emerg\u00eancia. J\u00e1 morreram 142 pessoas"},"content":{"rendered":"<p data-remotead-prev-elm=\"true\" data-remotead-elm-id=\"inread\">A declara\u00e7\u00e3o de &#8220;estado de calamidade nacional&#8221; foi feita por Marcos, durante uma reuni\u00e3o com as autoridades de resposta a cat\u00e1strofes, para avaliar as consequ\u00eancias do tuf\u00e3o.<\/p>\n<p>A decis\u00e3o permite ao Governo das Filipinas libertar fundos de emerg\u00eancia mais rapidamente e evitar o a\u00e7ambarcamento de alimentos e a especula\u00e7\u00e3o de pre\u00e7os.<\/p>\n<p>De acordo com dados oficiais compilados hoje pela ag\u00eancia de not\u00edcias France-Presse (AFP), <strong>pelo menos 142 pessoas morreram<\/strong> e 127 est\u00e3o desaparecidas na sequ\u00eancia da passagem do Kalmaegi.<\/p>\n<p data-remotead-prev-elm=\"true\" data-remotead-elm-id=\"centro1\"><img decoding=\"async\" class=\"ngx-body\" guid=\"209b6412-c5c9-476d-9b5f-94c7ebf940f4\" src=\"https:\/\/www.europesays.com\/pt\/wp-content\/uploads\/2025\/11\/1762452254_644_image.jpg\" width=\"100%\"\/>Foto: Ex\u00e9rcito das Filipinas \/ AFP<\/p>\n<p>O Departamento Nacional de Defesa Civil das Filipinas confirmou 114 mortes, al\u00e9m de 28 v\u00edtimas mortais registadas pelas autoridades da prov\u00edncia de Cebu, no centro do pa\u00eds, referiu a AFP.<\/p>\n<p>A maioria das v\u00edtimas<strong> morreu afogada ou ao ser atingida por destro\u00e7os,<\/strong> na sequ\u00eancia de inunda\u00e7\u00f5es repentinas e aluimentos de terras causados pelo Kalmaegi, que tamb\u00e9m destruiu casas e arrastou ve\u00edculos, disse na quarta-feira o respons\u00e1vel adjunto do Gabinete de Defesa Civil, Bernardo Rafaelito Alejandro.<\/p>\n<p data-remotead-prev-elm=\"true\" data-remotead-elm-id=\"centro2\"><img decoding=\"async\" class=\"ngx-body\" guid=\"3cc796c0-a56c-4f27-aed4-808f0f012469\" src=\"https:\/\/www.europesays.com\/pt\/wp-content\/uploads\/2025\/11\/1762452254_851_image.jpg\" width=\"100%\"\/>Foto: Jam Sta Rosa \/ AFP<\/p>\n<p>O ex\u00e9rcito indicou que seis militares morreram quando um helic\u00f3ptero da For\u00e7a A\u00e9rea se despenhou na prov\u00edncia de Agusan del Sur, durante uma miss\u00e3o de ajuda humanit\u00e1ria.<\/p>\n<p>A devasta\u00e7\u00e3o provocada pelo tuf\u00e3o afetou quase dois milh\u00f5es de pessoas e <strong>desalojou mais de 560 mil residentes<\/strong>, incluindo quase 450 mil que foram retirados para abrigos de emerg\u00eancia, informou a Defesa Civil.<\/p>\n<p data-remotead-prev-elm=\"true\" data-remotead-elm-id=\"centro3\"><img decoding=\"async\" class=\"ngx-body\" guid=\"427e1bf0-39e3-490b-94f4-1d7cfc22a26c\" src=\"https:\/\/www.europesays.com\/pt\/wp-content\/uploads\/2025\/11\/1762452255_147_image.jpg\" width=\"100%\"\/>Foto: Jam Sta Rosa \/ AFP<\/p>\n<p>Cerca de 3500 passageiros ficaram retidos em quase uma centena de portos devido \u00e0 proibi\u00e7\u00e3o de navega\u00e7\u00e3o.<\/p>\n<p>As autoridades da prov\u00edncia de Cebu disseram que anos de explora\u00e7\u00e3o mineira e obras de drenagem deficientes agravaram o impacto das cheias.<\/p>\n<p data-remotead-prev-elm=\"true\" data-remotead-elm-id=\"centro4\"><img decoding=\"async\" class=\"ngx-body\" guid=\"f6b316c9-27ae-4569-931e-edf5fc253874\" src=\"https:\/\/www.europesays.com\/pt\/wp-content\/uploads\/2025\/11\/1762452255_808_image.jpg\" width=\"100%\"\/><img decoding=\"async\" class=\"ngx-body\" guid=\"9400e2ac-fcf0-4381-aa81-f30fc558385d\" src=\"https:\/\/www.europesays.com\/pt\/wp-content\/uploads\/2025\/11\/1762452256_379_image.jpg\" width=\"100%\"\/><img decoding=\"async\" class=\"ngx-body\" guid=\"38675dc7-4e29-4e76-a8d8-48562e8cc4b9\" src=\"https:\/\/www.europesays.com\/pt\/wp-content\/uploads\/2025\/11\/1762452257_121_image.jpg\" width=\"100%\"\/><img decoding=\"async\" class=\"ngx-body\" guid=\"f0debc8a-dd60-4066-aaa5-dafe4810f3c8\" src=\"https:\/\/www.europesays.com\/pt\/wp-content\/uploads\/2025\/11\/1762452258_387_image.jpg\" width=\"100%\"\/><img decoding=\"async\" class=\"ngx-body\" guid=\"6bf386ed-e847-464e-84ec-96a01709da90\" src=\"https:\/\/www.europesays.com\/pt\/wp-content\/uploads\/2025\/11\/1762452258_577_image.jpg\" width=\"100%\"\/>Fotos: Jam Sta Rosa \/ AFP<\/p>\n<p>Na passagem pelo centro das Filipinas, o Kalmaegi trouxe <strong>ventos de 130 quil\u00f3metros por hora<\/strong> (km\/h) e rajadas de at\u00e9 180 km\/h.<\/p>\n<p>Depois de atravessar o mar do Sul da China, a tempestade dever\u00e1 atingir ainda hoje a costa do Vietname e causar chuva intensa no norte da Tail\u00e2ndia, indicaram os servi\u00e7os meteorol\u00f3gicos da regi\u00e3o.<\/p>\n<p data-remotead-prev-elm=\"true\" data-remotead-elm-id=\"centro5\">Enquanto ainda lidavam com o impacto do Kalmaegi, as autoridades alertaram que outro ciclone tropical vindo do oceano Pac\u00edfico poderia <strong>fortalecer-se e tornar-se um supertuf\u00e3o<\/strong>, atingindo o norte das Filipinas no in\u00edcio da pr\u00f3xima semana.<\/p>\n<p>Todos os anos, cerca de 20 tempestades ou tuf\u00f5es atingem ou aproximam-se das Filipinas, sendo as regi\u00f5es mais pobres do pa\u00eds geralmente as mais afetadas.<\/p>\n","protected":false},"excerpt":{"rendered":"A declara\u00e7\u00e3o de &#8220;estado de calamidade nacional&#8221; foi feita por Marcos, durante uma reuni\u00e3o com as autoridades de&hellip;\n","protected":false},"author":2,"featured_media":141989,"comment_status":"","ping_status":"","sticky":false,"template":"","format":"standard","meta":{"footnotes":""},"categories":[50],"tags":[27,28,31442,15,16,6310,14,25,26,21,22,8532,62,12,13,19,20,23,24,17,18,21653,29,30,31,63,64,65],"class_list":{"0":"post-141988","1":"post","2":"type-post","3":"status-publish","4":"format-standard","5":"has-post-thumbnail","7":"category-mundo","8":"tag-breaking-news","9":"tag-breakingnews","10":"tag-estado-de-emergencia","11":"tag-featured-news","12":"tag-featurednews","13":"tag-filipinas","14":"tag-headlines","15":"tag-latest-news","16":"tag-latestnews","17":"tag-main-news","18":"tag-mainnews","19":"tag-mau-tempo","20":"tag-mundo","21":"tag-news","22":"tag-noticias","23":"tag-noticias-principais","24":"tag-noticiasprincipais","25":"tag-principais-noticias","26":"tag-principaisnoticias","27":"tag-top-stories","28":"tag-topstories","29":"tag-tufao","30":"tag-ultimas","31":"tag-ultimas-noticias","32":"tag-ultimasnoticias","33":"tag-world","34":"tag-world-news","35":"tag-worldnews"},"share_on_mastodon":{"url":"https:\/\/pubeurope.com\/@pt\/115504078728800392","error":""},"_links":{"self":[{"href":"https:\/\/www.europesays.com\/pt\/wp-json\/wp\/v2\/posts\/141988","targetHints":{"allow":["GET"]}}],"collection":[{"href":"https:\/\/www.europesays.com\/pt\/wp-json\/wp\/v2\/posts"}],"about":[{"href":"https:\/\/www.europesays.com\/pt\/wp-json\/wp\/v2\/types\/post"}],"author":[{"embeddable":true,"href":"https:\/\/www.europesays.com\/pt\/wp-json\/wp\/v2\/users\/2"}],"replies":[{"embeddable":true,"href":"https:\/\/www.europesays.com\/pt\/wp-json\/wp\/v2\/comments?post=141988"}],"version-history":[{"count":0,"href":"https:\/\/www.europesays.com\/pt\/wp-json\/wp\/v2\/posts\/141988\/revisions"}],"wp:featuredmedia":[{"embeddable":true,"href":"https:\/\/www.europesays.com\/pt\/wp-json\/wp\/v2\/media\/141989"}],"wp:attachment":[{"href":"https:\/\/www.europesays.com\/pt\/wp-json\/wp\/v2\/media?parent=141988"}],"wp:term":[{"taxonomy":"category","embeddable":true,"href":"https:\/\/www.europesays.com\/pt\/wp-json\/wp\/v2\/categories?post=141988"},{"taxonomy":"post_tag","embeddable":true,"href":"https:\/\/www.europesays.com\/pt\/wp-json\/wp\/v2\/tags?post=141988"}],"curies":[{"name":"wp","href":"https:\/\/api.w.org\/{rel}","templated":true}]}}