{"id":142026,"date":"2025-11-06T18:35:14","date_gmt":"2025-11-06T18:35:14","guid":{"rendered":"https:\/\/www.europesays.com\/pt\/142026\/"},"modified":"2025-11-06T18:35:14","modified_gmt":"2025-11-06T18:35:14","slug":"principe-william-e-recebido-por-anitta-e-seu-jorge-em-noite-de-pr","status":"publish","type":"post","link":"https:\/\/www.europesays.com\/pt\/142026\/","title":{"rendered":"Pr\u00edncipe William \u00e9 recebido por Anitta e Seu Jorge em noite de pr"},"content":{"rendered":"<p>O Museu do Amanh\u00e3 se transformou em palco de causas nobres. O pr\u00edncipe William foi recebido com aplausos e flashes ao chegar ao tapete verde do Earthshot Prize na noite de ter\u00e7a-feira, 5 de novembro. O evento foi o centro de uma celebra\u00e7\u00e3o que combinou glamour, m\u00fasica e prop\u00f3sito, transformando o Rio de Janeiro no palco global da inova\u00e7\u00e3o ambiental.<\/p>\n<p>Com um sorriso sutil e uma atitude tranquila, o sucessor do trono brit\u00e2nico percorreu o tapete, acompanhado por artistas renomados. Anitta, Shawn Mendes, Seu Jorge e Kylie Minogue acompanharam o pr\u00edncipe na entrada do evento, que refletiu o esp\u00edrito do Earthshot: homenagear aqueles que agem para transformar o planeta.<\/p>\n<p>Enquanto os convidados posavam para fotos, Gilberto Gil se preparava nos bastidores para uma das atua\u00e7\u00f5es mais simb\u00f3licas da noite.<\/p>\n<p>A cerim\u00f4nia come\u00e7ou com o ritmo contagiante da bateria da escola de samba Beija-Flor. Em seguida, Anitta subiu ao palco e deu o tom com \u201cMas, que nada!\u201d, de Jorge Ben Jor. Sob proje\u00e7\u00f5es de florestas, bem como cores do Brasil, ela foi acompanhada por Gilberto Gil em \u201cGarota de Ipanema\u201d, em um dueto que sintetizou leveza e mensagem.<\/p>\n<blockquote class=\"instagram-media\" style=\"background: #FFF; border: 0; border-radius: 3px; box-shadow: 0 0 1px 0 rgba(0,0,0,0.5),0 1px 10px 0 rgba(0,0,0,0.15); margin: 1px; max-width: 540px; min-width: 326px; padding: 0; width: calc(100% - 2px);\" data-instgrm-captioned=\"\" data-instgrm-permalink=\"https:\/\/www.instagram.com\/p\/DQsYxwkEYsw\/?utm_source=ig_embed&amp;utm_campaign=loading\" data-instgrm-version=\"14\"><p>&#13;<br \/>\n&#13;\n<\/p><\/blockquote>\n<p>            <script async src=\"\/\/www.instagram.com\/embed.js\"><\/script><\/p>\n","protected":false},"excerpt":{"rendered":"O Museu do Amanh\u00e3 se transformou em palco de causas nobres. O pr\u00edncipe William foi recebido com aplausos&hellip;\n","protected":false},"author":2,"featured_media":142027,"comment_status":"","ping_status":"","sticky":false,"template":"","format":"standard","meta":{"footnotes":""},"categories":[145],"tags":[2235,211,210,114,115,32,8696,33],"class_list":{"0":"post-142026","1":"post","2":"type-post","3":"status-publish","4":"format-standard","5":"has-post-thumbnail","7":"category-celebridades","8":"tag-anitta","9":"tag-celebridades","10":"tag-celebrities","11":"tag-entertainment","12":"tag-entretenimento","13":"tag-portugal","14":"tag-principe-william","15":"tag-pt"},"share_on_mastodon":{"url":"https:\/\/pubeurope.com\/@pt\/115504199978620992","error":""},"_links":{"self":[{"href":"https:\/\/www.europesays.com\/pt\/wp-json\/wp\/v2\/posts\/142026","targetHints":{"allow":["GET"]}}],"collection":[{"href":"https:\/\/www.europesays.com\/pt\/wp-json\/wp\/v2\/posts"}],"about":[{"href":"https:\/\/www.europesays.com\/pt\/wp-json\/wp\/v2\/types\/post"}],"author":[{"embeddable":true,"href":"https:\/\/www.europesays.com\/pt\/wp-json\/wp\/v2\/users\/2"}],"replies":[{"embeddable":true,"href":"https:\/\/www.europesays.com\/pt\/wp-json\/wp\/v2\/comments?post=142026"}],"version-history":[{"count":0,"href":"https:\/\/www.europesays.com\/pt\/wp-json\/wp\/v2\/posts\/142026\/revisions"}],"wp:featuredmedia":[{"embeddable":true,"href":"https:\/\/www.europesays.com\/pt\/wp-json\/wp\/v2\/media\/142027"}],"wp:attachment":[{"href":"https:\/\/www.europesays.com\/pt\/wp-json\/wp\/v2\/media?parent=142026"}],"wp:term":[{"taxonomy":"category","embeddable":true,"href":"https:\/\/www.europesays.com\/pt\/wp-json\/wp\/v2\/categories?post=142026"},{"taxonomy":"post_tag","embeddable":true,"href":"https:\/\/www.europesays.com\/pt\/wp-json\/wp\/v2\/tags?post=142026"}],"curies":[{"name":"wp","href":"https:\/\/api.w.org\/{rel}","templated":true}]}}