{"id":142045,"date":"2025-11-06T18:54:08","date_gmt":"2025-11-06T18:54:08","guid":{"rendered":"https:\/\/www.europesays.com\/pt\/142045\/"},"modified":"2025-11-06T18:54:08","modified_gmt":"2025-11-06T18:54:08","slug":"cinco-filmes-que-retratam-a-violencia-da-cidade","status":"publish","type":"post","link":"https:\/\/www.europesays.com\/pt\/142045\/","title":{"rendered":"cinco filmes que retratam a viol\u00eancia da cidade"},"content":{"rendered":"<p class=\"postParagraph_post-paragraph-innerHtml__Q5vwc\">H\u00e1 d\u00e9cadas o cinema brasileiro retrata o Rio de Janeiro n\u00e3o apenas como cart\u00e3o-postal, mas como um territ\u00f3rio onde beleza e trag\u00e9dia coexistem. A cidade \u00e9 cen\u00e1rio para hist\u00f3rias marcadas pela luta cotidiana em busca da sobreviv\u00eancia. Nas favelas, nos sub\u00farbios ou nas zonas mais abastadas da capital, a viol\u00eancia escancara um pa\u00eds em conflito permanente.\u00a0<br \/>\u00a0<br \/>Da consagra\u00e7\u00e3o internacional de Cidade de Deus \u00e0 crueza de Tropa de Elite, passando por dramas inspirados em fatos reais, o cinema ajuda a compreender como o Rio de Janeiro se tornou um personagem central do imagin\u00e1rio nacional. A seguir, cinco filmes que, sob diferentes perspectivas, exp\u00f5em a face violenta e complexa da Cidade Maravilhosa.\u00a0<\/p>\n<p>Cidade de Deus (2002)\u00a0<\/p>\n<p class=\"postParagraph_post-paragraph-innerHtml__Q5vwc\">Ap\u00f3s mais de duas d\u00e9cadas do lan\u00e7amento, o filme dirigido por Fernando Meirelles j\u00e1 pode ser considerado um cl\u00e1ssico do cinema brasileiro. A obra retrata a ascens\u00e3o do crime organizado na favela Cidade de Deus, entre os anos 1960 e 1980. A trama acompanha a trajet\u00f3ria de Buscap\u00e9, jovem que sonha em ser fot\u00f3grafo e escapar da viol\u00eancia que o cerca, enquanto observa o crescimento do poder do traficante Z\u00e9 Pequeno. Com ritmo alucinante, a produ\u00e7\u00e3o com est\u00e9tica documental escancara a brutalidade cotidiana e a aus\u00eancia do Estado.\u00a0<br \/><strong>Onde assistir:<\/strong> HBO Max, Paramount+, Netflix, Globoplay e para loca\u00e7\u00e3o na Amazon, YouTube e Google Play.<\/p>\n<p>Tropa de Elite (2007)<\/p>\n<p class=\"postParagraph_post-paragraph-innerHtml__Q5vwc\">Sob dire\u00e7\u00e3o de Jos\u00e9 Padilha e protagonizado por Wagner Moura, o longa apresenta o universo do BOPE (Batalh\u00e3o de Opera\u00e7\u00f5es Policiais Especiais) no Rio de Janeiro. A hist\u00f3ria, narrada pelo capit\u00e3o Nascimento, mostra um policial dividido entre o dever e a consci\u00eancia moral, enquanto combate o tr\u00e1fico nas favelas cariocas. O realismo das opera\u00e7\u00f5es e a tens\u00e3o constante retratam uma cidade em guerra, onde a viol\u00eancia institucional e o crime se confundem. Padilha constr\u00f3i uma vis\u00e3o inc\u00f4moda, que critica tanto a corrup\u00e7\u00e3o do sistema quanto a banaliza\u00e7\u00e3o da viol\u00eancia urbana.\u00a0<br \/><strong>Onde assistir: <\/strong>HBO Max, Prime Video, Netflix e para loca\u00e7\u00e3o no Apple TV+, YouTube e Google Play.<\/p>\n<p>Meu Nome N\u00e3o \u00c9 Johnny (2008)\u00a0<\/p>\n<p class=\"postParagraph_post-paragraph-innerHtml__Q5vwc\">Dirigido por Mauro Lima e estrelado por Selton Mello, o filme narra a hist\u00f3ria real de Jo\u00e3o Guilherme Estrella, jovem de classe m\u00e9dia alta do Rio de Janeiro que se transforma em traficante de drogas. Ao contr\u00e1rio da criminalidade das favelas, a viol\u00eancia em Meu Nome N\u00e3o \u00c9 Johnny \u00e9 mais simb\u00f3lica, est\u00e1 na autodestrui\u00e7\u00e3o do personagem principal, que experimenta o crime como aventura. Entre o humor e o drama, a produ\u00e7\u00e3o revela o abismo entre os mundos da elite carioca e das periferias. \u00a0<br \/><strong>Onde assistir:<\/strong> Netflix, Prime Video e para loca\u00e7\u00e3o no YouTube, Google Play e Apple TV+.<\/p>\n<p>\u00daltima Parada 174 (2008)\u00a0<\/p>\n<p class=\"postParagraph_post-paragraph-innerHtml__Q5vwc\">Baseado em fatos reais, o filme de Bruno Barreto tem Michel Gomes como protagonista no papel de Sandro do Nascimento, sobrevivente da chacina da Candel\u00e1ria e autor do sequestro do \u00f4nibus 174. A narrativa entrela\u00e7a trag\u00e9dia pessoal e cr\u00edtica social, mostrando como a inf\u00e2ncia nas ruas e o abandono estatal podem empurrar jovens para a marginalidade. Barreto recria o epis\u00f3dio real que chocou o pa\u00eds e explora a viol\u00eancia que marca o Rio de Janeiro. \u00c9 um retrato perturbador.\u00a0<br \/><strong>Onde assistir: <\/strong>Paramount+.\u00a0<\/p>\n<p>Vit\u00f3ria (2025)\u00a0<\/p>\n<p class=\"postParagraph_post-paragraph-innerHtml__Q5vwc\">Dirigido por Andrucha Waddington e Breno Silveira e estrelado por Fernanda Montenegro, a produ\u00e7\u00e3o \u00e9 um drama ambientado no Rio de Janeiro que aborda a persist\u00eancia da viol\u00eancia urbana e seus reflexos sobre a vida de uma mulher. Montenegro interpreta Vit\u00f3ria, uma aposentada que vive sozinha em um bairro de classe m\u00e9dia cercado por comunidades dominadas pelo tr\u00e1fico. A personagem filma, por acaso, um epis\u00f3dio de extrema viol\u00eancia, e decide denunci\u00e1-lo \u00e0s autoridades e \u00e0 imprensa. O gesto desencadeia uma espiral de amea\u00e7as e persegui\u00e7\u00f5es, revelando o custo de enfrentar o sistema.\u00a0<br \/><strong>Onde assistir:<\/strong> Globoplay.\u00a0<\/p>\n<p class=\"gp-styles-module-size-small-afeYRa gp-styles-module-font-family2-afeYRa gp-styles-module-color-secondary-afeYRa gp-styles-module-weight-bold-afeYRa\">VEJA TAMB\u00c9M:<\/p>\n<ul class=\"postViewMore_post-view-more-list__CU_CE\">\n<li class=\"postViewMore_post-view-more-item__2MzRb\"><img loading=\"lazy\" decoding=\"async\" class=\"imageDefault_image-item__lU2Dk\" src=\"https:\/\/www.europesays.com\/pt\/wp-content\/uploads\/2025\/11\/paraiso-em-chamas-bp-380x214.jpg.webp.webp\" alt=\"Imagem de divulga\u00e7\u00e3o do document\u00e1rio da Brasil Paralelo\" width=\"72\" height=\"72\"\/><a class=\"postViewMore_post-view-more-link-hasImage__0lssj\" href=\"https:\/\/www.gazetadopovo.com.br\/cultura\/paraiso-chamas-brasil-paralelo-mapeia-violencia-rio-janeiro\/?ref=veja-tambem\" title=\"Veja tamb\u00e9m: Document\u00e1rio da Brasil Paralelo explica como Rio virou um caos na seguran\u00e7a\" rel=\"nofollow noopener\" target=\"_blank\">Document\u00e1rio da Brasil Paralelo explica como Rio virou um caos na seguran\u00e7a<\/a><\/li>\n<li class=\"postViewMore_post-view-more-item__2MzRb\"><img loading=\"lazy\" decoding=\"async\" class=\"imageDefault_image-item__lU2Dk\" src=\"https:\/\/www.europesays.com\/pt\/wp-content\/uploads\/2025\/11\/doc-bateau-max-380x214.jpeg.webp.webp\" alt=\"Impunidade brasileira transforma Bateau Mouche IV em document\u00e1rio\" width=\"72\" height=\"72\"\/><a class=\"postViewMore_post-view-more-link-hasImage__0lssj\" href=\"https:\/\/www.gazetadopovo.com.br\/cultura\/tragedia-reveillon-mortes-bateau-mouche-completam-36-anos-impunidade\/?ref=veja-tambem\" title=\"Veja tamb\u00e9m: Trag\u00e9dia no r\u00e9veillon: mortes do Bateau Mouche completam 36 anos de impunidade\" rel=\"nofollow noopener\" target=\"_blank\">Trag\u00e9dia no r\u00e9veillon: mortes do Bateau Mouche completam 36 anos de impunidade<\/a><\/li>\n<\/ul>\n","protected":false},"excerpt":{"rendered":"H\u00e1 d\u00e9cadas o cinema brasileiro retrata o Rio de Janeiro n\u00e3o apenas como cart\u00e3o-postal, mas como um territ\u00f3rio&hellip;\n","protected":false},"author":2,"featured_media":142046,"comment_status":"","ping_status":"","sticky":false,"template":"","format":"standard","meta":{"footnotes":""},"categories":[140],"tags":[937,2633,8752,114,115,147,148,3179,1583,146,716,32,33,2326,3097],"class_list":{"0":"post-142045","1":"post","2":"type-post","3":"status-publish","4":"format-standard","5":"has-post-thumbnail","7":"category-filmes","8":"tag-amazon-prime-video","9":"tag-apple-tv","10":"tag-criminalidade","11":"tag-entertainment","12":"tag-entretenimento","13":"tag-film","14":"tag-filmes","15":"tag-globoplay","16":"tag-hbo-max","17":"tag-movies","18":"tag-netflix","19":"tag-portugal","20":"tag-pt","21":"tag-rio-de-janeiro","22":"tag-violencia"},"share_on_mastodon":{"url":"https:\/\/pubeurope.com\/@pt\/115504274923628790","error":""},"_links":{"self":[{"href":"https:\/\/www.europesays.com\/pt\/wp-json\/wp\/v2\/posts\/142045","targetHints":{"allow":["GET"]}}],"collection":[{"href":"https:\/\/www.europesays.com\/pt\/wp-json\/wp\/v2\/posts"}],"about":[{"href":"https:\/\/www.europesays.com\/pt\/wp-json\/wp\/v2\/types\/post"}],"author":[{"embeddable":true,"href":"https:\/\/www.europesays.com\/pt\/wp-json\/wp\/v2\/users\/2"}],"replies":[{"embeddable":true,"href":"https:\/\/www.europesays.com\/pt\/wp-json\/wp\/v2\/comments?post=142045"}],"version-history":[{"count":0,"href":"https:\/\/www.europesays.com\/pt\/wp-json\/wp\/v2\/posts\/142045\/revisions"}],"wp:featuredmedia":[{"embeddable":true,"href":"https:\/\/www.europesays.com\/pt\/wp-json\/wp\/v2\/media\/142046"}],"wp:attachment":[{"href":"https:\/\/www.europesays.com\/pt\/wp-json\/wp\/v2\/media?parent=142045"}],"wp:term":[{"taxonomy":"category","embeddable":true,"href":"https:\/\/www.europesays.com\/pt\/wp-json\/wp\/v2\/categories?post=142045"},{"taxonomy":"post_tag","embeddable":true,"href":"https:\/\/www.europesays.com\/pt\/wp-json\/wp\/v2\/tags?post=142045"}],"curies":[{"name":"wp","href":"https:\/\/api.w.org\/{rel}","templated":true}]}}