{"id":142055,"date":"2025-11-06T19:02:10","date_gmt":"2025-11-06T19:02:10","guid":{"rendered":"https:\/\/www.europesays.com\/pt\/142055\/"},"modified":"2025-11-06T19:02:10","modified_gmt":"2025-11-06T19:02:10","slug":"suspeito-do-assalto-ao-louvre-ja-foi-seguranca-em-dois-museus-de-paris","status":"publish","type":"post","link":"https:\/\/www.europesays.com\/pt\/142055\/","title":{"rendered":"Suspeito do assalto ao Louvre j\u00e1 foi seguran\u00e7a em dois museus de Paris"},"content":{"rendered":"<p data-remotead-prev-elm=\"true\" data-remotead-elm-id=\"inread\">Identificado pelas autoridades como Abdoulaye N., de 39 anos, foi detido em casa, em Aubervilliers, na periferia de Paris, seis dias ap\u00f3s o assalto ao Louvre, depois de ter sido acusado de crime organizado e conspira\u00e7\u00e3o.<\/p>\n<p>O homem ficou conhecido pelos v\u00eddeos de motocross que publica nas redes sociais, onde usa o nome &#8220;Doudou Cross Bitume&#8221;. Segundo a Imprensa francesa, o indiv\u00edduo foi, no passado, seguran\u00e7a no Centro Pompidou e no Museu Beaubourg, ambos em Paris, e j\u00e1 teria assaltado uma joalharia em 2014.<\/p>\n<blockquote data-type=\"articles\" data-id=\"related-article-18016811\"><p>\n              <strong>Leia tamb\u00e9m <\/strong><br \/>\n              <a href=\"https:\/\/www.jn.pt\/mundo\/artigo\/palavra-passe-do-sistema-de-videovigilancia-do-louvre-era-louvre\/18016811\" rel=\"nofollow noopener\" target=\"_blank\">Palavra-passe do sistema de videovigil\u00e2ncia do Louvre era &#8220;Louvre&#8221;<\/a>\n            <\/p><\/blockquote>\n<p>Faz manobras em mota que usou para fugir<\/p>\n<p>No YouTube, Instagram e TikTok, partilha dicas para ganhar massa muscular e publica v\u00eddeos a realizar manobras de mota em Paris e Aubervilliers. Em alguns v\u00eddeos, aparece a pilotar uma Yamaha TMax, mota utilizada na fuga dos ladr\u00f5es do Louvre, apurou o JN.<\/p>\n<p data-remotead-prev-elm=\"true\" data-remotead-elm-id=\"centro1\">Taxista sem licen\u00e7a, o suspeito j\u00e1 enfrentou diversas vezes a justi\u00e7a por crimes como condu\u00e7\u00e3o sem carta, fuga ap\u00f3s um acidente e desobedi\u00eancia.<\/p>\n<p>Aos 16 anos, chegou a ser preso por posse de droga e, em 2014, foi condenado por assaltar uma joalharia, amea\u00e7ando os respons\u00e1veis da loja com armas falsas e, mais uma vez, fugindo em scooters TMax. De acordo com o &#8220;Le Parisien&#8221;, outro suspeito do assalto de 19 de outubro tamb\u00e9m foi condenado pelo roubo de 2014.<\/p>\n<p>Abdoulaye ia ser julgado por vandalismo noutro caso por partir um espelho e uma fechadura da cela da esquadra ap\u00f3s uma deten\u00e7\u00e3o em 2019, mas a sess\u00e3o foi adiada para abril devido \u00e0 aten\u00e7\u00e3o medi\u00e1tica colocada sobre o r\u00e9u ap\u00f3s o assalto ao Louvre.<\/p>\n","protected":false},"excerpt":{"rendered":"Identificado pelas autoridades como Abdoulaye N., de 39 anos, foi detido em casa, em Aubervilliers, na periferia de&hellip;\n","protected":false},"author":2,"featured_media":142056,"comment_status":"","ping_status":"","sticky":false,"template":"","format":"standard","meta":{"footnotes":""},"categories":[8],"tags":[27,28,15,16,14,25,26,27439,21,22,62,12926,12,13,19,20,32,23,24,33,17,18,29,30,31],"class_list":{"0":"post-142055","1":"post","2":"type-post","3":"status-publish","4":"format-standard","5":"has-post-thumbnail","7":"category-principais-noticias","8":"tag-breaking-news","9":"tag-breakingnews","10":"tag-featured-news","11":"tag-featurednews","12":"tag-headlines","13":"tag-latest-news","14":"tag-latestnews","15":"tag-louvre","16":"tag-main-news","17":"tag-mainnews","18":"tag-mundo","19":"tag-museu-do-louvre","20":"tag-news","21":"tag-noticias","22":"tag-noticias-principais","23":"tag-noticiasprincipais","24":"tag-portugal","25":"tag-principais-noticias","26":"tag-principaisnoticias","27":"tag-pt","28":"tag-top-stories","29":"tag-topstories","30":"tag-ultimas","31":"tag-ultimas-noticias","32":"tag-ultimasnoticias"},"share_on_mastodon":{"url":"https:\/\/pubeurope.com\/@pt\/115504306357439960","error":""},"_links":{"self":[{"href":"https:\/\/www.europesays.com\/pt\/wp-json\/wp\/v2\/posts\/142055","targetHints":{"allow":["GET"]}}],"collection":[{"href":"https:\/\/www.europesays.com\/pt\/wp-json\/wp\/v2\/posts"}],"about":[{"href":"https:\/\/www.europesays.com\/pt\/wp-json\/wp\/v2\/types\/post"}],"author":[{"embeddable":true,"href":"https:\/\/www.europesays.com\/pt\/wp-json\/wp\/v2\/users\/2"}],"replies":[{"embeddable":true,"href":"https:\/\/www.europesays.com\/pt\/wp-json\/wp\/v2\/comments?post=142055"}],"version-history":[{"count":0,"href":"https:\/\/www.europesays.com\/pt\/wp-json\/wp\/v2\/posts\/142055\/revisions"}],"wp:featuredmedia":[{"embeddable":true,"href":"https:\/\/www.europesays.com\/pt\/wp-json\/wp\/v2\/media\/142056"}],"wp:attachment":[{"href":"https:\/\/www.europesays.com\/pt\/wp-json\/wp\/v2\/media?parent=142055"}],"wp:term":[{"taxonomy":"category","embeddable":true,"href":"https:\/\/www.europesays.com\/pt\/wp-json\/wp\/v2\/categories?post=142055"},{"taxonomy":"post_tag","embeddable":true,"href":"https:\/\/www.europesays.com\/pt\/wp-json\/wp\/v2\/tags?post=142055"}],"curies":[{"name":"wp","href":"https:\/\/api.w.org\/{rel}","templated":true}]}}