{"id":142057,"date":"2025-11-06T19:03:12","date_gmt":"2025-11-06T19:03:12","guid":{"rendered":"https:\/\/www.europesays.com\/pt\/142057\/"},"modified":"2025-11-06T19:03:12","modified_gmt":"2025-11-06T19:03:12","slug":"junno-andrade-nao-fala-com-o-filho-ha-5-anos-veja-midianews","status":"publish","type":"post","link":"https:\/\/www.europesays.com\/pt\/142057\/","title":{"rendered":"Junno Andrade n\u00e3o fala com o filho h\u00e1 5 anos; veja &#8211; MidiaNews"},"content":{"rendered":"<ol>\n<li><a href=\"https:\/\/news.google.com\/rss\/articles\/CBMinAFBVV95cUxQU0lfR2MzTmdVUVV3N2dLRGgwMmxNUXhjc01jZ0xpamlObXFUU1VIVVR6V2xFVk1QbC0xZ29Nc1BidkZnNzB0ZVM3VW9xSnBJTF96eE5yUzJ3VHVDcUtmQWRZSklUNG5wVEJBSGxQR1cxZTdtWG04ZGh6SlRqLXZ0bWFqaEFnYXhwOXlXWjlPZFAzSC0xQlM1T0ZBZUE?oc=5\" target=\"_blank\" rel=\"nofollow noopener\">Junno Andrade n\u00e3o fala com o filho h\u00e1 5 anos; veja<\/a>&nbsp;&nbsp;MidiaNews<\/li>\n<li><a href=\"https:\/\/news.google.com\/rss\/articles\/CBMi0gFBVV95cUxQMXlNdnVaRFVUNzVNdmRXTTZpckUtX0FudkVFcEtvbnJPWFY3STE1cWgwM2o3UzFWd1hzNlJHT0tZOFp2RjR3RmZWdE83d0FYZTlHTml5QWc0cl8yR2hCcnBqdUNrd0xKWW1zYzYzWjlMY3didDFNSlFQbEQ5THNPTDdTb1FoUFJZTGlhWTRfQ19QVWZWb1d6LTk4d2NqQVBvY094dDRJSUo4YTZjUHpQanhMMzM1M3NfRjczY2lVd1ZORGhpaW5FNVFYUHB3NkhUSHfSAeABQVVfeXFMUE9Gd1F2QVJsTDJkMnAyUnVBalZkV0RqNzhZM3V2d2lyQmFMX2RvREZXaFV2bi1SYVhWQzlXNHZKRVBIWmU2Rm16WWJHTGlpQ0l4ZVBuQU5MWmRCeFlKTDIxWktRd0V0RnhxOXVwZzZQN2NIYkZoWENobjVnNzNiUUd4VzJLNGJFdXR0OW5DVWwxbEVCSTBlT2Y4cmtGQnhpUnNjOGk2OV92cGNfV3dHb2pKc3gzcXVSMWdXRFNVSVdzUktfQUJ1bDBqVEt2clY4OXg2VmFHcWNyTlBza1ptbU8?oc=5\" target=\"_blank\" rel=\"nofollow noopener\">Quem \u00e9 o filho de Junno Andrade com apresentadora que n\u00e3o fala com o pai h\u00e1 5 anos<\/a>&nbsp;&nbsp;Extra online<\/li>\n<li><a href=\"https:\/\/news.google.com\/rss\/articles\/CBMi0AFBVV95cUxNQU5TU3RuV044QlpqWWpzSk81ZXhlaU1QYTN2NG9SenFLWlcxbHdDWnNWbGZsN0dVZHdFdWotTVFHNVh1QTNoTGlhWkdySzhYZzBfd1ExYy1waHo3aFNjUnRQdC1jU1QzQkI1VGZLR1plNjNXbUlYbVVsV0Ftdkx5djVJQ2xFRTgzM2RBRVVVQ3NIcjRrMmhKUHA3dTRxQkEzR2lxZ0w4MkJDcFVDVERHTVN5MVlmOVJTNzZMNE91N1FoT3BOU0ZMVjhVTGVXMkZt?oc=5\" target=\"_blank\" rel=\"nofollow noopener\">Marido de Xuxa n\u00e3o fala com o filho; veja o motivo<\/a>&nbsp;&nbsp;Terra<\/li>\n<li><a href=\"https:\/\/news.google.com\/rss\/articles\/CBMi0wFBVV95cUxNZEpIazFfd2JwM3ZqM2tCRUpiUV9CaUljeUdqVUVxaVo4WUJ0TGpJTFR2cGFpN05jOU1sZ2JFZHJzYUZOR2lvNVg0OEE4T09sQ0d3NlVoS1FXd25kbWo3MGxSOXVvMFRibTRqanZWZlBhWV9zc0FETHh4cUYtNWJVY1RkVUhRa0plOExKbDlKNHBILThvM3Zkd3I5eWVDbjJkcEN3QXZ6X1ExQ0pYN3pvaVIxdVozTUdUcGRpbll4T281NVJsVE41RGhmNmZtcm1ZSmpJ0gHYAUFVX3lxTFAtSGtjTWZUY2lUWHNlaXd6a1Qya1o2cHRHbkt5XzU0Q1JNcFItNjdFZ3VTUzBZalBET0QxQWtqWk9Id2RFM2JYWlAwSnF2VjBOSFk3TTAxMkp4VXVTajdqRERTb3ZVd3R2N2thekYyVXZXWXZyRTZCVGNqaGE1X0s0M1ZDNWlEZGRIZXo5aHBDZXpQSnMyaVBvMXktMVFiSTFpZXRRbm1VSG9ubGtuU3NtUXgyb3JQQ3VCd0lXY3BkdnNlazRCVk9aOUczcWVpMXhoVTFlX0U2aA?oc=5\" target=\"_blank\" rel=\"nofollow noopener\">&#8216;Tive uma treta&#8217;, relata Junno Andrade sobre afastamento do filho<\/a>&nbsp;&nbsp;Correio Braziliense<\/li>\n<li><a href=\"https:\/\/news.google.com\/rss\/articles\/CBMi1gFBVV95cUxOOUVndkpPZDU4R1VJNWhHT0x3T0R1bGwtUk9wR21OdHVqcDVHbDZ3YjZXQTFCQ3RsLUM4Um5GcGgzUWJBVDZCWG9wQXQ3RlMxTmgzWVd3U1ZpZ2VYRl8zWF9YQV9yQ1FMZmhaNG9jLWt3b19aUzdpcUx2S2R1anBSTE9CNXVhdEk0S2wtUlpHUWdtenJhcGx6SUtobE9BRXF6cThUaXlLaG5PVmE5bW1aZ1lZZmh0a18yQm5XYVZGOHhHS1locVpKQnB1REQ4RGJOT29KaHZ3?oc=5\" target=\"_blank\" rel=\"nofollow noopener\">Junno Andrade fala sobre condi\u00e7\u00e3o para impedir brigas na rela\u00e7\u00e3o com Xuxa: \u201cBobagem\u201d<\/a>&nbsp;&nbsp;O TEMPO<\/li>\n<\/ol>\n","protected":false},"excerpt":{"rendered":"Junno Andrade n\u00e3o fala com o filho h\u00e1 5 anos; veja&nbsp;&nbsp;MidiaNews Quem \u00e9 o filho de Junno Andrade&hellip;\n","protected":false},"author":2,"featured_media":142058,"comment_status":"","ping_status":"","sticky":false,"template":"","format":"standard","meta":{"footnotes":""},"categories":[145],"tags":[211,210,114,115,3724,3723,32,33,3725],"class_list":{"0":"post-142057","1":"post","2":"type-post","3":"status-publish","4":"format-standard","5":"has-post-thumbnail","7":"category-celebridades","8":"tag-celebridades","9":"tag-celebrities","10":"tag-entertainment","11":"tag-entretenimento","12":"tag-noticias-da-capital","13":"tag-noticias-de-cuiaba","14":"tag-portugal","15":"tag-pt","16":"tag-urgente-cuiaba"},"share_on_mastodon":{"url":"https:\/\/pubeurope.com\/@pt\/115504310103849302","error":""},"_links":{"self":[{"href":"https:\/\/www.europesays.com\/pt\/wp-json\/wp\/v2\/posts\/142057","targetHints":{"allow":["GET"]}}],"collection":[{"href":"https:\/\/www.europesays.com\/pt\/wp-json\/wp\/v2\/posts"}],"about":[{"href":"https:\/\/www.europesays.com\/pt\/wp-json\/wp\/v2\/types\/post"}],"author":[{"embeddable":true,"href":"https:\/\/www.europesays.com\/pt\/wp-json\/wp\/v2\/users\/2"}],"replies":[{"embeddable":true,"href":"https:\/\/www.europesays.com\/pt\/wp-json\/wp\/v2\/comments?post=142057"}],"version-history":[{"count":0,"href":"https:\/\/www.europesays.com\/pt\/wp-json\/wp\/v2\/posts\/142057\/revisions"}],"wp:featuredmedia":[{"embeddable":true,"href":"https:\/\/www.europesays.com\/pt\/wp-json\/wp\/v2\/media\/142058"}],"wp:attachment":[{"href":"https:\/\/www.europesays.com\/pt\/wp-json\/wp\/v2\/media?parent=142057"}],"wp:term":[{"taxonomy":"category","embeddable":true,"href":"https:\/\/www.europesays.com\/pt\/wp-json\/wp\/v2\/categories?post=142057"},{"taxonomy":"post_tag","embeddable":true,"href":"https:\/\/www.europesays.com\/pt\/wp-json\/wp\/v2\/tags?post=142057"}],"curies":[{"name":"wp","href":"https:\/\/api.w.org\/{rel}","templated":true}]}}