{"id":142063,"date":"2025-11-06T19:09:13","date_gmt":"2025-11-06T19:09:13","guid":{"rendered":"https:\/\/www.europesays.com\/pt\/142063\/"},"modified":"2025-11-06T19:09:13","modified_gmt":"2025-11-06T19:09:13","slug":"videos-neemias-queta-da-espetaculo-e-celtics-vencem-os-wizards","status":"publish","type":"post","link":"https:\/\/www.europesays.com\/pt\/142063\/","title":{"rendered":"V\u00cdDEOS: Neemias Queta d\u00e1 espet\u00e1culo e Celtics vencem os Wizards"},"content":{"rendered":"<p>Neemias Queta esteve em particular destaque na \u00faltima madrugada no regresso \u00e0s vit\u00f3rias dos Boston Celtics com um triunfo claro sobre os Washington Wizards por 136-107. Depois de ter comprometido no desaire diante dos Utah Jazz, o jogador portugu\u00eas redimiu-se com n\u00fameros de fora de s\u00e9rie.<\/p>\n<p>O internacional portugu\u00eas voltou a ser titular na equipa de Boston e, em apenas 24 minutos, acumulou 15 pontos, 12 ressaltos, cinco assist\u00eancias, uma recupera\u00e7\u00e3o de bola e ainda um desarme espetacular [ver v\u00eddeo no final do artigo].<\/p>\n<p>Os Wizards ainda chegaram ao final do primeiro quarto em vantagem (37-26), mas os Celtics viraram o resultado no decorrer do segundo quarto, com um lan\u00e7amento de Queta, chegando ao intervalo j\u00e1 a vencer com uma vantagem de dez pontos (70-60).<\/p>\n<p>Uma vantagem que foi depois refor\u00e7ada no terceiro quarto (102-80), j\u00e1 com Jaylen Brown, que acabaria por ser eleito MVP deste jogo, a destacar-se no topo dos marcadores [acabou com 35 pontos].<\/p>\n<p><strong>Neemias Queta ao ataque, com este afundan\u00e7o:<\/strong><\/p>\n<p><strong>Neemias Queta \u00e0 defesa, com este espetacular corte:<\/strong><\/p>\n","protected":false},"excerpt":{"rendered":"Neemias Queta esteve em particular destaque na \u00faltima madrugada no regresso \u00e0s vit\u00f3rias dos Boston Celtics com um&hellip;\n","protected":false},"author":2,"featured_media":142064,"comment_status":"","ping_status":"","sticky":false,"template":"","format":"standard","meta":{"footnotes":""},"categories":[87],"tags":[2694,22992,135,46,1830,19519,7471,32,33,47,134,31445],"class_list":{"0":"post-142063","1":"post","2":"type-post","3":"status-publish","4":"format-standard","5":"has-post-thumbnail","7":"category-desporto","8":"tag-basquetebol","9":"tag-boston-celtics","10":"tag-desporto","11":"tag-maisfutebol","12":"tag-modalidades","13":"tag-nba","14":"tag-neemias-queta","15":"tag-portugal","16":"tag-pt","17":"tag-pura-paixao","18":"tag-sports","19":"tag-washington-wizards"},"share_on_mastodon":{"url":"https:\/\/pubeurope.com\/@pt\/115504333779234762","error":""},"_links":{"self":[{"href":"https:\/\/www.europesays.com\/pt\/wp-json\/wp\/v2\/posts\/142063","targetHints":{"allow":["GET"]}}],"collection":[{"href":"https:\/\/www.europesays.com\/pt\/wp-json\/wp\/v2\/posts"}],"about":[{"href":"https:\/\/www.europesays.com\/pt\/wp-json\/wp\/v2\/types\/post"}],"author":[{"embeddable":true,"href":"https:\/\/www.europesays.com\/pt\/wp-json\/wp\/v2\/users\/2"}],"replies":[{"embeddable":true,"href":"https:\/\/www.europesays.com\/pt\/wp-json\/wp\/v2\/comments?post=142063"}],"version-history":[{"count":0,"href":"https:\/\/www.europesays.com\/pt\/wp-json\/wp\/v2\/posts\/142063\/revisions"}],"wp:featuredmedia":[{"embeddable":true,"href":"https:\/\/www.europesays.com\/pt\/wp-json\/wp\/v2\/media\/142064"}],"wp:attachment":[{"href":"https:\/\/www.europesays.com\/pt\/wp-json\/wp\/v2\/media?parent=142063"}],"wp:term":[{"taxonomy":"category","embeddable":true,"href":"https:\/\/www.europesays.com\/pt\/wp-json\/wp\/v2\/categories?post=142063"},{"taxonomy":"post_tag","embeddable":true,"href":"https:\/\/www.europesays.com\/pt\/wp-json\/wp\/v2\/tags?post=142063"}],"curies":[{"name":"wp","href":"https:\/\/api.w.org\/{rel}","templated":true}]}}