{"id":142069,"date":"2025-11-06T19:15:14","date_gmt":"2025-11-06T19:15:14","guid":{"rendered":"https:\/\/www.europesays.com\/pt\/142069\/"},"modified":"2025-11-06T19:15:14","modified_gmt":"2025-11-06T19:15:14","slug":"pj-detem-ex-policia-procurado-no-brasil-por-trafico-de-droga","status":"publish","type":"post","link":"https:\/\/www.europesays.com\/pt\/142069\/","title":{"rendered":"PJ det\u00e9m ex-pol\u00edcia procurado no Brasil por tr\u00e1fico de droga"},"content":{"rendered":"<p data-remotead-prev-elm=\"true\" data-remotead-elm-id=\"inread\">Os factos em causa ter\u00e3o ocorrido numa cidade do Estado de S\u00e3o Paulo em julho deste ano. Segundo um comunicado, o suspeito, um ex-pol\u00edcia, foi investigado pela sua participa\u00e7\u00e3o numa organiza\u00e7\u00e3o criminosa que incluiria elementos policiais. &#8220;Ap\u00f3s se desviarem das suas fun\u00e7\u00f5es oficiais, dedicavam-se \u00e0 apropria\u00e7\u00e3o indevida de objetos apreendidos e ao tr\u00e1fico il\u00edcito de drogas&#8221;, adianta a PJ.<\/p>\n<p>Logo ap\u00f3s a pr\u00e1tica dos crimes fugiu para o Paraguai e depois para Portugal, onde deu entrada em meados de julho deste ano. Foi localizado e detido pela Unidade de Informa\u00e7\u00e3o Criminal da PJ.<\/p>\n<p>Ir\u00e1 ser apresentado ao Tribunal da Rela\u00e7\u00e3o de Lisboa para aplica\u00e7\u00e3o das medidas de coa\u00e7\u00e3o. Caso venha a ser condenado pelos crimes de que \u00e9 suspeito, pode ser condenado a 23 anos de pris\u00e3o.<\/p>\n","protected":false},"excerpt":{"rendered":"Os factos em causa ter\u00e3o ocorrido numa cidade do Estado de S\u00e3o Paulo em julho deste ano. Segundo&hellip;\n","protected":false},"author":2,"featured_media":142070,"comment_status":"","ping_status":"","sticky":false,"template":"","format":"standard","meta":{"footnotes":""},"categories":[10],"tags":[7087,726,27,28,15,16,14,603,25,26,21,22,12,13,19,20,4107,32,23,24,33,17,18,2953,29,30,31],"class_list":{"0":"post-142069","1":"post","2":"type-post","3":"status-publish","4":"format-standard","5":"has-post-thumbnail","7":"category-portugal","8":"tag-almada","9":"tag-brasil","10":"tag-breaking-news","11":"tag-breakingnews","12":"tag-featured-news","13":"tag-featurednews","14":"tag-headlines","15":"tag-justica","16":"tag-latest-news","17":"tag-latestnews","18":"tag-main-news","19":"tag-mainnews","20":"tag-news","21":"tag-noticias","22":"tag-noticias-principais","23":"tag-noticiasprincipais","24":"tag-pj","25":"tag-portugal","26":"tag-principais-noticias","27":"tag-principaisnoticias","28":"tag-pt","29":"tag-top-stories","30":"tag-topstories","31":"tag-trafico-de-droga","32":"tag-ultimas","33":"tag-ultimas-noticias","34":"tag-ultimasnoticias"},"share_on_mastodon":{"url":"https:\/\/pubeurope.com\/@pt\/115504357412034294","error":""},"_links":{"self":[{"href":"https:\/\/www.europesays.com\/pt\/wp-json\/wp\/v2\/posts\/142069","targetHints":{"allow":["GET"]}}],"collection":[{"href":"https:\/\/www.europesays.com\/pt\/wp-json\/wp\/v2\/posts"}],"about":[{"href":"https:\/\/www.europesays.com\/pt\/wp-json\/wp\/v2\/types\/post"}],"author":[{"embeddable":true,"href":"https:\/\/www.europesays.com\/pt\/wp-json\/wp\/v2\/users\/2"}],"replies":[{"embeddable":true,"href":"https:\/\/www.europesays.com\/pt\/wp-json\/wp\/v2\/comments?post=142069"}],"version-history":[{"count":0,"href":"https:\/\/www.europesays.com\/pt\/wp-json\/wp\/v2\/posts\/142069\/revisions"}],"wp:featuredmedia":[{"embeddable":true,"href":"https:\/\/www.europesays.com\/pt\/wp-json\/wp\/v2\/media\/142070"}],"wp:attachment":[{"href":"https:\/\/www.europesays.com\/pt\/wp-json\/wp\/v2\/media?parent=142069"}],"wp:term":[{"taxonomy":"category","embeddable":true,"href":"https:\/\/www.europesays.com\/pt\/wp-json\/wp\/v2\/categories?post=142069"},{"taxonomy":"post_tag","embeddable":true,"href":"https:\/\/www.europesays.com\/pt\/wp-json\/wp\/v2\/tags?post=142069"}],"curies":[{"name":"wp","href":"https:\/\/api.w.org\/{rel}","templated":true}]}}