{"id":142075,"date":"2025-11-06T19:20:13","date_gmt":"2025-11-06T19:20:13","guid":{"rendered":"https:\/\/www.europesays.com\/pt\/142075\/"},"modified":"2025-11-06T19:20:13","modified_gmt":"2025-11-06T19:20:13","slug":"ines-acabou-com-o-namorado-por-causa-da-viagem-oferecida-por-dylan-ana-cristina-acha-que-sim-e-o-caos-instala-se-secret-story","status":"publish","type":"post","link":"https:\/\/www.europesays.com\/pt\/142075\/","title":{"rendered":"In\u00eas acabou com o namorado por causa da viagem oferecida por Dylan?: Ana Cristina acha que sim e o caos instala-se &#8211; Secret Story"},"content":{"rendered":"<p>No Secret Story 9, durante a din\u00e2mica da Folha dos Mexericos, \u00e9 a vez de In\u00eas e Dylan &#8220;passarem-se&#8221; com Ana Cristina pelo facto de esta ter dito que In\u00eas ter\u00e1 terminado a rela\u00e7\u00e3o para poder ir de viagem para Las Vegas com Dylan. In\u00eas, Dylan e Liliana acusam Ana Cristina de ser &#8220;maldosa&#8221; e a confus\u00e3o instala-se rapidamente.\u00a0<\/p>\n<p><strong>H\u00e1 cinco nomeados em risco de sair j\u00e1 no pr\u00f3ximo domingo. VOTE PARA SALVAR:\u00a0<\/strong><\/p>\n<p>ANA CRISTINA \u2013 761 20 20 02<br \/>BRUNO \u2013 761 20 20 04<br \/>IN\u00caS \u2013 761 20 20 10<br \/>PEDRO \u2013 761 20 20 18<br \/>RAQUEL \u2013 761 20 20 22<\/p>\n<p><strong><a href=\"https:\/\/tvi.iol.pt\/secretstory\/aominuto\" wbo-id=\"32\" rel=\"nofollow noopener\" target=\"_blank\">Acompanhe tudo o que se passa na casa mais vigiada do Pa\u00eds<\/a><\/strong><\/p>\n","protected":false},"excerpt":{"rendered":"No Secret Story 9, durante a din\u00e2mica da Folha dos Mexericos, \u00e9 a vez de In\u00eas e Dylan&hellip;\n","protected":false},"author":2,"featured_media":142076,"comment_status":"","ping_status":"","sticky":false,"template":"","format":"standard","meta":{"footnotes":""},"categories":[142],"tags":[114,115,19033,19034,32,33,151,19032],"class_list":{"0":"post-142075","1":"post","2":"type-post","3":"status-publish","4":"format-standard","5":"has-post-thumbnail","7":"category-tv","8":"tag-entertainment","9":"tag-entretenimento","10":"tag-galas-em-video","11":"tag-melhores-momentos-casa-dos-segredos","12":"tag-portugal","13":"tag-pt","14":"tag-tv","15":"tag-videos-secret-story-tvi"},"share_on_mastodon":{"url":"https:\/\/pubeurope.com\/@pt\/115504376935264039","error":""},"_links":{"self":[{"href":"https:\/\/www.europesays.com\/pt\/wp-json\/wp\/v2\/posts\/142075","targetHints":{"allow":["GET"]}}],"collection":[{"href":"https:\/\/www.europesays.com\/pt\/wp-json\/wp\/v2\/posts"}],"about":[{"href":"https:\/\/www.europesays.com\/pt\/wp-json\/wp\/v2\/types\/post"}],"author":[{"embeddable":true,"href":"https:\/\/www.europesays.com\/pt\/wp-json\/wp\/v2\/users\/2"}],"replies":[{"embeddable":true,"href":"https:\/\/www.europesays.com\/pt\/wp-json\/wp\/v2\/comments?post=142075"}],"version-history":[{"count":0,"href":"https:\/\/www.europesays.com\/pt\/wp-json\/wp\/v2\/posts\/142075\/revisions"}],"wp:featuredmedia":[{"embeddable":true,"href":"https:\/\/www.europesays.com\/pt\/wp-json\/wp\/v2\/media\/142076"}],"wp:attachment":[{"href":"https:\/\/www.europesays.com\/pt\/wp-json\/wp\/v2\/media?parent=142075"}],"wp:term":[{"taxonomy":"category","embeddable":true,"href":"https:\/\/www.europesays.com\/pt\/wp-json\/wp\/v2\/categories?post=142075"},{"taxonomy":"post_tag","embeddable":true,"href":"https:\/\/www.europesays.com\/pt\/wp-json\/wp\/v2\/tags?post=142075"}],"curies":[{"name":"wp","href":"https:\/\/api.w.org\/{rel}","templated":true}]}}