{"id":142077,"date":"2025-11-06T19:22:08","date_gmt":"2025-11-06T19:22:08","guid":{"rendered":"https:\/\/www.europesays.com\/pt\/142077\/"},"modified":"2025-11-06T19:22:08","modified_gmt":"2025-11-06T19:22:08","slug":"guerreiras-do-k-pop-2-tudo-o-que-ja-sabemos-sobre-o-novo-filme","status":"publish","type":"post","link":"https:\/\/www.europesays.com\/pt\/142077\/","title":{"rendered":"Guerreiras do K-pop 2: Tudo o que j\u00e1 sabemos sobre o novo filme"},"content":{"rendered":"<p>O an\u00fancio que os f\u00e3s de \u201c<a href=\"https:\/\/recreio.com.br\/tags\/guerreiras-do-k-pop\" target=\"_blank\" rel=\"noopener nofollow\">Guerreiras do K-pop<\/a>\u201d tanto queriam chegou: a anima\u00e7\u00e3o da Netflix que apresenta o grupo feminino chamado HUNTR\/X, trio de idols que tamb\u00e9m s\u00e3o ca\u00e7adoras de dem\u00f4nios, ganhar\u00e1 uma sequ\u00eancia!<\/p>\n<p>A confirma\u00e7\u00e3o do filme, que j\u00e1 era esperado, veio por meio da Variety na \u00faltima quarta-feira, 06, ve\u00edculo que trouxe tamb\u00e9m as primeiras informa\u00e7\u00f5es sobre o longa, como o tempo de produ\u00e7\u00e3o e a previs\u00e3o de estreia, aumentando a expectativa dos f\u00e3s.<\/p>\n<p>Com isso, pensando em facilitar a busca dos f\u00e3s pelas informa\u00e7\u00f5es da sequ\u00eancia, a RECREIO reuniu abaixo tudo o que j\u00e1 se sabe sobre \u201cGuerreiras do K-pop 2\u201d; veja:<\/p>\n<p> 1. Em que est\u00e1gio de produ\u00e7\u00e3o est\u00e1 Guerreiras do K-pop 2? <\/p>\n<p>Tudo indica que o t\u00edtulo ainda passar\u00e1 pela fase de pr\u00e9-produ\u00e7\u00e3o, momento em que surge o esqueleto da anima\u00e7\u00e3o, definindo a ideia e roteiro da hist\u00f3ria e depois construindo as primeiras artes do filme, determinando novos cen\u00e1rios e o mapeamento de cenas.<\/p>\n<p>Isso porque, a respons\u00e1vel pela distribui\u00e7\u00e3o do longa, a Netflix, e a empresa produtora da anima\u00e7\u00e3o, a<a href=\"https:\/\/www.sonypicturesanimation.com\/\" target=\"_blank\" rel=\"noopener nofollow\"> Sony Pictures Animation<\/a>, teriam acabado de finalizar um acordo para mais um filme da franquia, sendo esse o primeiro passo para o in\u00edcio do projeto.<\/p>\n<p> 2. O tempo de produ\u00e7\u00e3o de \u201cGuerreiras do K-pop 2\u201d <\/p>\n<p>Ainda assim, todos os que se animaram com a confirma\u00e7\u00e3o devem segurar a ansiedade por cerca de quatro anos. A previs\u00e3o \u00e9 mais baixa que o tempo de produ\u00e7\u00e3o do primeiro filme, o qual a criadora da hist\u00f3ria,<a href=\"https:\/\/www.instagram.com\/nutmags\/\" target=\"_blank\" rel=\"noopener nofollow\"> <strong>Maggie Kang<\/strong><\/a>, revelou que foi de sete anos.<\/p>\n<p>A demora se d\u00e1 devido \u00e0s extensas etapas de produ\u00e7\u00e3o:<\/p>\n<ul>\n<li>Pr\u00e9-Produ\u00e7\u00e3o: planejamento e estrutura\u00e7\u00e3o do projeto onde o roteiro \u00e9 criado e a primeira vis\u00e3o da anima\u00e7\u00e3o surge em artes conceituais.<\/li>\n<li>Produ\u00e7\u00e3o: momento em que os animadores concretizam \u00e0s ideias que surgiram na pr\u00e9-produ\u00e7\u00e3o, finalizando a modelagem de personagens e cen\u00e1rios. H\u00e1 ainda a adi\u00e7\u00e3o de ilumina\u00e7\u00e3o, efeitos visuais e outros detalhes visuais, al\u00e9m da dublagem.<\/li>\n<li>P\u00f3s-Produ\u00e7\u00e3o: etapa que finaliza o projeto, aplicando corre\u00e7\u00f5es e \u00faltimos efeitos.<\/li>\n<\/ul>\n<p>No caso de \u201cGuerreiras do K-pop 2\u201d, ainda h\u00e1 a cria\u00e7\u00e3o das coreografias e m\u00fasicas, etapa que no primeiro filme contou com a ajuda de profissionais como <strong>Lee Jung<\/strong>, que criou os passos de \u201cHow It\u2019s Done\u201d, das HUNTR\/X e de \u201cSoda Pop\u201d, dos Saja Boys, bem como <strong>Teddy Park, Marcelo Zarvos, Danny Chung, EJAE, Lindgren<\/strong> e <strong>Stephen Kirk<\/strong>, entre outros que est\u00e3o por tr\u00e1s das can\u00e7\u00f5es dos dois grupos fict\u00edcios da anima\u00e7\u00e3o.<\/p>\n<p>\t 3. Data de estreia de \u201cGuerreiras do K-pop 2\u201d <\/p>\n<p>Como resultado, a previs\u00e3o \u00e9 que a sequ\u00eancia seja lan\u00e7ada em 2029. Ainda assim, \u00e9 poss\u00edvel que o filme chegue antes ou depois do ano esperado, j\u00e1 que \u00e9 poss\u00edvel que o cronograma de produ\u00e7\u00e3o do filme possa ser alterado enquanto a trama vai ganhando forma.<\/p>\n<p> 4. Quem estar\u00e1 em \u201cGuerreiras do K-pop 2\u201d? <\/p>\n<p>Nenhum nome foi confirmado no novo projeto. Ainda assim,<strong> Maggie Kang<\/strong> e <a href=\"https:\/\/en.wikipedia.org\/wiki\/Chris_Appelhans\" target=\"_blank\" rel=\"noopener nofollow\"><strong>Chris Appelhans<\/strong><\/a>, que dirigiram o primeiro filme juntos, j\u00e1 haviam revelado em entrevistas que estavam prontos para comandar uma sequ\u00eancia caso fosse aprovada.<\/p>\n<p>Al\u00e9m disso, as dubladoras dos di\u00e1logos e falas de Rumi, Mira e Zoey, as respectivas <strong>Arden Cho, May Hong<\/strong> e <strong>Ji-young Yoo<\/strong>, tamb\u00e9m j\u00e1 haviam demonstrado estarem abertas a possibilidade de voltar aos est\u00fadios para emprestar a voz novamente para o trio.<\/p>\n<p>Enquanto o novo t\u00edtulo n\u00e3o chega, \u00e9 poss\u00edvel conferir a aventura inicial, a qual tem a seguinte premissa: a cada gera\u00e7\u00e3o um novo trio m\u00edstico de mulheres \u00e9 escolhido para proteger o mundo dos dem\u00f4nios com suas vozes poderosas, mas na vez de Rumi, Mira e Zoey, uma nova amea\u00e7a surge para colocar o trio e toda a humanidade em risco.<\/p>\n<p>\u201cGuerreiras do K-pop\u201d est\u00e1 dispon\u00edvel para streaming no cat\u00e1logo da Netflix, onde ocupa o t\u00edtulo de conte\u00fado mais visto da plataforma; relembre o trailer:<\/p>\n<p>        <a href=\"https:\/\/recreio.com.br\/noticias\/author\/izabela-queiroz\" rel=\"nofollow noopener\" target=\"_blank\">&#13;<br \/>\n          <img alt=\"Izabela Queiroz\" src=\"https:\/\/www.europesays.com\/pt\/wp-content\/uploads\/2025\/11\/1762456928_41_73c0b9c1056486c3f0ac887fc031213cdd608512c3b419d28e1ba5da81c3eb12\"  class=\"avatar avatar-115 photo rounded-circle mr-3\" height=\"115\" width=\"115\" loading=\"lazy\" decoding=\"async\"\/>        <\/a><\/p>\n<p>Izabela Queiroz, jornalista por paix\u00e3o e cin\u00e9fila de carteirinha. Formada pela UNINOVE, encontrou na escrita o lugar ideal para unir tudo o que mais gosta: filmes, s\u00e9ries e m\u00fasica. Nos textos, h\u00e1 quase sempre refer\u00eancias a algo relacionado \u00e0 cultura pop que a marcou. Fora deles, a encontrar\u00e1 assistindo hist\u00f3rias com reviravoltas chocantes, romances cativantes e dramas que a fazem chorar.<\/p>\n<p>\t                                            <script async src=\"\/\/www.instagram.com\/embed.js\"><\/script><\/p>\n","protected":false},"excerpt":{"rendered":"O an\u00fancio que os f\u00e3s de \u201cGuerreiras do K-pop\u201d tanto queriam chegou: a anima\u00e7\u00e3o da Netflix que apresenta&hellip;\n","protected":false},"author":2,"featured_media":142078,"comment_status":"","ping_status":"","sticky":false,"template":"","format":"standard","meta":{"footnotes":""},"categories":[140],"tags":[10195,114,115,147,148,4550,24683,146,716,32,33],"class_list":{"0":"post-142077","1":"post","2":"type-post","3":"status-publish","4":"format-standard","5":"has-post-thumbnail","7":"category-filmes","8":"tag-animacoes","9":"tag-entertainment","10":"tag-entretenimento","11":"tag-film","12":"tag-filmes","13":"tag-guerreiras-do-k-pop","14":"tag-guerreiras-do-k-pop-2","15":"tag-movies","16":"tag-netflix","17":"tag-portugal","18":"tag-pt"},"share_on_mastodon":{"url":"https:\/\/pubeurope.com\/@pt\/115504385260226849","error":""},"_links":{"self":[{"href":"https:\/\/www.europesays.com\/pt\/wp-json\/wp\/v2\/posts\/142077","targetHints":{"allow":["GET"]}}],"collection":[{"href":"https:\/\/www.europesays.com\/pt\/wp-json\/wp\/v2\/posts"}],"about":[{"href":"https:\/\/www.europesays.com\/pt\/wp-json\/wp\/v2\/types\/post"}],"author":[{"embeddable":true,"href":"https:\/\/www.europesays.com\/pt\/wp-json\/wp\/v2\/users\/2"}],"replies":[{"embeddable":true,"href":"https:\/\/www.europesays.com\/pt\/wp-json\/wp\/v2\/comments?post=142077"}],"version-history":[{"count":0,"href":"https:\/\/www.europesays.com\/pt\/wp-json\/wp\/v2\/posts\/142077\/revisions"}],"wp:featuredmedia":[{"embeddable":true,"href":"https:\/\/www.europesays.com\/pt\/wp-json\/wp\/v2\/media\/142078"}],"wp:attachment":[{"href":"https:\/\/www.europesays.com\/pt\/wp-json\/wp\/v2\/media?parent=142077"}],"wp:term":[{"taxonomy":"category","embeddable":true,"href":"https:\/\/www.europesays.com\/pt\/wp-json\/wp\/v2\/categories?post=142077"},{"taxonomy":"post_tag","embeddable":true,"href":"https:\/\/www.europesays.com\/pt\/wp-json\/wp\/v2\/tags?post=142077"}],"curies":[{"name":"wp","href":"https:\/\/api.w.org\/{rel}","templated":true}]}}