{"id":142085,"date":"2025-11-06T19:27:30","date_gmt":"2025-11-06T19:27:30","guid":{"rendered":"https:\/\/www.europesays.com\/pt\/142085\/"},"modified":"2025-11-06T19:27:30","modified_gmt":"2025-11-06T19:27:30","slug":"corte-no-investimento-nao-estamos-pressionados-por-megawatts-temos-a-google-e-a-amazon-a-ligarem-diz-ceo-da-edp","status":"publish","type":"post","link":"https:\/\/www.europesays.com\/pt\/142085\/","title":{"rendered":"Corte no investimento? &#8220;N\u00e3o estamos pressionados por megawatts. Temos a Google e a Amazon a ligarem&#8221;, diz CEO da EDP"},"content":{"rendered":"<p>        Miguel Stilwell diz que o foco da companhia \u00e9 obter \u201cretornos\u201d e que \u201ccinco gigas \u00e9 um n\u00famero saud\u00e1vel\u201d. Companhia diz preferir um plano mais cauteloso, optando por anunciar mais projetos \u00e0 medida que os for fechando.    <\/p>\n<p>A EDP est\u00e1 hoje a descer mais de 6% na bolsa de Lisboa depois da apresenta\u00e7\u00e3o do plano de investimentos para o per\u00edodo 2026-2028.<\/p>\n<p>A cotada prev\u00ea investir 12 mil milh\u00f5es de euros no espa\u00e7o de tr\u00eas anos, uma redu\u00e7\u00e3o face aos 25 mil milh\u00f5es de euros do plano apresentado em 2023 e que sofreu dois cortes para os 14 mil milh\u00f5es.<\/p>\n<p>A nova vers\u00e3o at\u00e9 2028 prev\u00ea investimentos de 12 mil mih\u00f5es, ao ritmo de 4 mil milh\u00f5es por ano.<\/p>\n<p>\u00c9 um pleno menos ambicioso, mas mais realista, garantiu hoje o presidente-executivo da companhia.<\/p>\n<p>\u201cN\u00e3o estamos pressionados por megawatts, preferimos retornos a construir megawatts. Cinco gigas \u00e9 um n\u00famero saud\u00e1vel\u201d, disse hoje Miguel Stilwell d\u2019Andrade em Londres na apresenta\u00e7\u00e3o do plano estrat\u00e9gico at\u00e9 2028 perante uma plateia de analistas.<\/p>\n<p>O gestor garante que n\u00e3o vai estar a comprometer-se com projetos adicionais perante o risco de falharem. \u201cSe os projetos n\u00e3o estiverem l\u00e1 porque o mercado cair\u2026\u201d a EDP fica mais protegida, destacou.<\/p>\n<p>\u201cTemos a Google e a Amazon a ligarem-nos\u201d, exemplificou com a procura por energias renov\u00e1veis nos EUA.<\/p>\n<p>\u00a0\u201c\u00c9 um sellers market. Vamos tirar vantagem disso nos pr\u00f3ximos meses e anos\u201d, afirmou.<\/p>\n<p>A EDPR prev\u00ea acrescentar 5 gigas de capacidade at\u00e9 2028, com 2 gigas nos EUA j\u00e1 este ano.\u00a0<\/p>\n<p><strong>EDP vai investir 4 mil milh\u00f5es por ano at\u00e9 2028<\/strong><\/p>\n<p>O grupo EDP liderada por Miguel Stilwell d\u2019Andrade anunciou hoje que vai investir 12 mil milh\u00f5es de euros at\u00e9 2028.<\/p>\n<p>Face ao plano estrat\u00e9gico apresentado em 2023, o investimento da EDP vai recuar dos ent\u00e3o 25 mil milh\u00f5es de euros previstos (23-26) para 12 mil milh\u00f5es (26-28): dos 8,3 mil milh\u00f5es de euros anuais previstos em 2023 para 4 milh\u00f5es anuais.<\/p>\n<p>S\u00f3 a EDP Renov\u00e1veis previa 20 mil milh\u00f5es de euros de investimento no plano de 2023, face aos 4,5 mil milh\u00f5es atuais.<\/p>\n<p>O plano de 2023 tinha sofrido dois cortes em 2024 e no in\u00edcio deste ano: primeiro, para 17 mil milh\u00f5es, depois para 14 mil milh\u00f5es. Assim, o investimento anual cai de 4,4 mil milh\u00f5es anuais para 4 mil milh\u00f5es.<\/p>\n<p>A casa-m\u00e3e EDP vai investir 12 mil milh\u00f5es brutos entre 2026 e 2028,\u00a0<strong>incluindo 7,5 mil milh\u00f5es de euros na EDP Renov\u00e1veis<\/strong>, com a aposta em e\u00f3lica, solar e sistemas de armazenamento com baterias, com 60% destes nos EUA.<\/p>\n<p><strong>J\u00e1 3,6 mil milh\u00f5es de euros destinam-se a redes de eletricidade<\/strong>, com dois ter\u00e7os a terem lugar na Pen\u00ednsula Ib\u00e9rica, \u201ccontinuando a refor\u00e7ar o portef\u00f3lio de produ\u00e7\u00e3o flex\u00edvel de eletricidade (flexgen) e clientes na Pen\u00ednsula Ib\u00e9rica\u201d.<\/p>\n<p><strong>Nas rota\u00e7\u00f5es de ativos<\/strong>, o objetivo \u00e9 encaixar 5 mil milh\u00f5es de euros: 200 mih\u00f5es por ano mais mil milh\u00f5es anuais em aliena\u00e7\u00f5es , \u201clibertando capital para investimento nos principais mercados de crescimento\u201d.<\/p>\n<p><strong>Em termos de EBITDA<\/strong>, a companhia reitera a previs\u00e3o para este ano: 4,9 mil milh\u00f5es. A expetativa \u00e9 que suba para\u00a04,9\u20135 mil milh\u00f5es em 2026 e para ~5,2 mil milh\u00f5es de euros em 2028, mais 5% face a 2025.<\/p>\n<p>Este crescimento deve-se ao \u201ccrescimento nas renov\u00e1veis devido ao mercado dos EUA e por maiores investimentos em Redes de Eletricidade em Portugal e Espanha\u201d.<\/p>\n<p><strong>J\u00e1 a d\u00edvida l\u00edquida<\/strong>\u00a0dever\u00e1 recuar para 15 mil milh\u00f5es em 2028 (est\u00e1 atualmente nos 17,3 mil milh\u00f5es), \u201crefor\u00e7ando o balan\u00e7o, sustentado por investimento disciplinado e gera\u00e7\u00e3o robusta de cash flow, apoiando uma s\u00f3lida classifica\u00e7\u00e3o de rating de cr\u00e9dito BBB, com FFO\/D\u00edvida L\u00edquida a melhorar de ~19% em 2025 para ~22% em 2028, mantendo um portef\u00f3lio resiliente e de baixo risco\u201d.<\/p>\n<p><strong>Nos lucros<\/strong>, a companhia espera 1,2 mil milh\u00f5es este ano, 1,2-1,3 mil milh\u00f5es em 2026 e 1,3 mil milh\u00f5es em 2028 (mais 8% face a 2025), \u201cmelhorando o perfil de qualidade dos resultados com menor peso de ganhos de rota\u00e7\u00e3o de ativos e maior peso de mercados regulados e com rating A\u201d.<\/p>\n<p><strong>O dividendo m\u00ednimo<\/strong>\u00a0dever\u00e1 manter-se 0,21 euros por a\u00e7\u00e3o at\u00e9 2028, \u201ccom intervalo alvo de<br \/>distribui\u00e7\u00e3o de dividendos entre ~60-70% ao longo de 2026-2028, garantindo retornos<br \/>atrativos para os acionistas\u201d.<\/p>\n<p>Para l\u00e1 de 2028, a companhia antecipa um aumento da procura de eletricidade, alimentado pela expans\u00e3o de centros de dados nos EUA e na Europa, \u201cpermitindo um crescimento acelerado das renov\u00e1veis com base num pipeline diversificado e potencial melhoria de pre\u00e7os decorrente da recontrata\u00e7\u00e3o da nossa frota operacional nos EUA, bem como oportunidades de hibridiza\u00e7\u00e3o, repotencia\u00e7\u00e3o e\u00f3lica e sistemas de armazenamento de energia em baterias (BESS)\u201d.<\/p>\n<p>Nas redes el\u00e9tricas, as \u201cnecessidades de investimento continuar\u00e3o a ser significativas na pr\u00f3xima d\u00e9cada, enquanto a nossa frota de gera\u00e7\u00e3o convencional poder\u00e1 capitalizar no valor crescente da sua flexibilidade\u201d.<\/p>\n","protected":false},"excerpt":{"rendered":"Miguel Stilwell diz que o foco da companhia \u00e9 obter \u201cretornos\u201d e que \u201ccinco gigas \u00e9 um n\u00famero&hellip;\n","protected":false},"author":2,"featured_media":142086,"comment_status":"","ping_status":"","sticky":false,"template":"","format":"standard","meta":{"footnotes":""},"categories":[83],"tags":[88,89,7598,31446,90,31447,31448,32,33],"class_list":{"0":"post-142085","1":"post","2":"type-post","3":"status-publish","4":"format-standard","5":"has-post-thumbnail","7":"category-empresas","8":"tag-business","9":"tag-economy","10":"tag-edp","11":"tag-edpr","12":"tag-empresas","13":"tag-miguel-stilwell-dandrade","14":"tag-plano-de-investimento","15":"tag-portugal","16":"tag-pt"},"share_on_mastodon":{"url":"https:\/\/pubeurope.com\/@pt\/115504404444206862","error":""},"_links":{"self":[{"href":"https:\/\/www.europesays.com\/pt\/wp-json\/wp\/v2\/posts\/142085","targetHints":{"allow":["GET"]}}],"collection":[{"href":"https:\/\/www.europesays.com\/pt\/wp-json\/wp\/v2\/posts"}],"about":[{"href":"https:\/\/www.europesays.com\/pt\/wp-json\/wp\/v2\/types\/post"}],"author":[{"embeddable":true,"href":"https:\/\/www.europesays.com\/pt\/wp-json\/wp\/v2\/users\/2"}],"replies":[{"embeddable":true,"href":"https:\/\/www.europesays.com\/pt\/wp-json\/wp\/v2\/comments?post=142085"}],"version-history":[{"count":0,"href":"https:\/\/www.europesays.com\/pt\/wp-json\/wp\/v2\/posts\/142085\/revisions"}],"wp:featuredmedia":[{"embeddable":true,"href":"https:\/\/www.europesays.com\/pt\/wp-json\/wp\/v2\/media\/142086"}],"wp:attachment":[{"href":"https:\/\/www.europesays.com\/pt\/wp-json\/wp\/v2\/media?parent=142085"}],"wp:term":[{"taxonomy":"category","embeddable":true,"href":"https:\/\/www.europesays.com\/pt\/wp-json\/wp\/v2\/categories?post=142085"},{"taxonomy":"post_tag","embeddable":true,"href":"https:\/\/www.europesays.com\/pt\/wp-json\/wp\/v2\/tags?post=142085"}],"curies":[{"name":"wp","href":"https:\/\/api.w.org\/{rel}","templated":true}]}}