{"id":142090,"date":"2025-11-06T19:35:08","date_gmt":"2025-11-06T19:35:08","guid":{"rendered":"https:\/\/www.europesays.com\/pt\/142090\/"},"modified":"2025-11-06T19:35:08","modified_gmt":"2025-11-06T19:35:08","slug":"aproximacao-de-marisa-a-bruno-pode-ser-real-mae-de-pedro-jorge-expoe-as-suas-desconfiancas-secret-story","status":"publish","type":"post","link":"https:\/\/www.europesays.com\/pt\/142090\/","title":{"rendered":"Aproxima\u00e7\u00e3o de Marisa a Bruno pode ser real? M\u00e3e de Pedro Jorge exp\u00f5e as suas &#8220;desconfian\u00e7as&#8221; &#8211; Secret Story"},"content":{"rendered":"<p data-end=\"861\" data-start=\"606\">Esta quinta-feira, no programa <strong>Dois \u00e0s 10<\/strong>, Cristina Ferreira e Cl\u00e1udio Ramos receberam <strong>Regina, m\u00e3e de Pedro Jorge, e Filipa, irm\u00e3 de Marisa<\/strong>, para analisarem os desenvolvimentos mais recentes do casal que mais tem dado que falar no Secret Story 9.<\/p>\n<p data-end=\"1256\" data-start=\"863\">Marisa e Pedro Jorge entraram no jogo como casal, sem ningu\u00e9m saber, mas as miss\u00f5es, os ci\u00fames e as discuss\u00f5es t\u00eam colocado a rela\u00e7\u00e3o \u00e0 prova. \u00abVoc\u00eas acham que o casamento resiste?\u00bb, perguntou Cl\u00e1udio Ramos. Filipa respondeu confiante: \u00abAcho que vem mais forte\u00bb. A irm\u00e3 da concorrente acredita que o casal vai superar as dificuldades, ainda que reconhe\u00e7a o temperamento intenso de ambos.<\/p>\n<p data-end=\"1451\" data-start=\"1258\">J\u00e1 Regina, m\u00e3e de Pedro Jorge, mostrou-se mais cautelosa e abordou dois temas que t\u00eam agitado a casa: <strong>a alegada liga\u00e7\u00e3o entre o filho e Liliana e a crescente proximidade entre Marisa e Bruno<\/strong>.<\/p>\n<p data-end=\"1602\" data-start=\"1453\">Sobre Liliana, foi perent\u00f3ria: nunca acreditou nessa liga\u00e7\u00e3o. Sente que Pedro est\u00e1 a jogar e a cumprir o papel de rapaz solteiro para esconder o segredo.<\/p>\n<p data-end=\"1915\" data-start=\"1604\">No entanto, quando o assunto passou para Bruno, a m\u00e3e do concorrente deixou transparecer alguma d\u00favida. <strong>\u00ab[A Marisa] n\u00e3o v\u00ea o Bruno como pai (&#8230;), tenho algumas d\u00favidas, n\u00e3o \u00e9 isso que eu vejo\u00bb,<\/strong> admitiu. E acrescentou: <strong>\u00abD\u00e1-lhe apoio como homem, mas se parte para outro ramo, n\u00e3o consigo ainda perceber\u00bb<\/strong>.<\/p>\n<p data-end=\"2141\" data-start=\"1917\">Apesar de algumas reservas, Regina n\u00e3o escondeu que a press\u00e3o do jogo e o julgamento dos restantes concorrentes t\u00eam sido duros para o filho. Por vezes, sente que a casa toda est\u00e1 contra ele, como se nunca tivessem errado.<\/p>\n<p data-end=\"2300\" data-start=\"2143\">Entre opini\u00f5es divididas e emo\u00e7\u00f5es \u00e0 flor da pele, uma coisa \u00e9 certa: o casal continua no centro das aten\u00e7\u00f5es, dentro e fora da casa mais vigiada do pa\u00eds.<\/p>\n","protected":false},"excerpt":{"rendered":"Esta quinta-feira, no programa Dois \u00e0s 10, Cristina Ferreira e Cl\u00e1udio Ramos receberam Regina, m\u00e3e de Pedro Jorge,&hellip;\n","protected":false},"author":2,"featured_media":142091,"comment_status":"","ping_status":"","sticky":false,"template":"","format":"standard","meta":{"footnotes":""},"categories":[142],"tags":[18706,3768,114,115,18705,19016,19184,21416,32,33,151,18704],"class_list":{"0":"post-142090","1":"post","2":"type-post","3":"status-publish","4":"format-standard","5":"has-post-thumbnail","7":"category-tv","8":"tag-bastidores-secret-story","9":"tag-bruno","10":"tag-entertainment","11":"tag-entretenimento","12":"tag-entrevistas-concorrentes-tvi","13":"tag-liliana","14":"tag-marisa","15":"tag-pedro-jorge","16":"tag-portugal","17":"tag-pt","18":"tag-tv","19":"tag-vida-fora-da-casa"},"share_on_mastodon":{"url":"https:\/\/pubeurope.com\/@pt\/115504435877515851","error":""},"_links":{"self":[{"href":"https:\/\/www.europesays.com\/pt\/wp-json\/wp\/v2\/posts\/142090","targetHints":{"allow":["GET"]}}],"collection":[{"href":"https:\/\/www.europesays.com\/pt\/wp-json\/wp\/v2\/posts"}],"about":[{"href":"https:\/\/www.europesays.com\/pt\/wp-json\/wp\/v2\/types\/post"}],"author":[{"embeddable":true,"href":"https:\/\/www.europesays.com\/pt\/wp-json\/wp\/v2\/users\/2"}],"replies":[{"embeddable":true,"href":"https:\/\/www.europesays.com\/pt\/wp-json\/wp\/v2\/comments?post=142090"}],"version-history":[{"count":0,"href":"https:\/\/www.europesays.com\/pt\/wp-json\/wp\/v2\/posts\/142090\/revisions"}],"wp:featuredmedia":[{"embeddable":true,"href":"https:\/\/www.europesays.com\/pt\/wp-json\/wp\/v2\/media\/142091"}],"wp:attachment":[{"href":"https:\/\/www.europesays.com\/pt\/wp-json\/wp\/v2\/media?parent=142090"}],"wp:term":[{"taxonomy":"category","embeddable":true,"href":"https:\/\/www.europesays.com\/pt\/wp-json\/wp\/v2\/categories?post=142090"},{"taxonomy":"post_tag","embeddable":true,"href":"https:\/\/www.europesays.com\/pt\/wp-json\/wp\/v2\/tags?post=142090"}],"curies":[{"name":"wp","href":"https:\/\/api.w.org\/{rel}","templated":true}]}}