{"id":142112,"date":"2025-11-06T19:56:12","date_gmt":"2025-11-06T19:56:12","guid":{"rendered":"https:\/\/www.europesays.com\/pt\/142112\/"},"modified":"2025-11-06T19:56:12","modified_gmt":"2025-11-06T19:56:12","slug":"estrela-do-futebol-americano-morre-aos-24-anos","status":"publish","type":"post","link":"https:\/\/www.europesays.com\/pt\/142112\/","title":{"rendered":"Estrela do futebol americano morre aos 24 anos"},"content":{"rendered":"<p>\t                Equipa e agente confirmaram a morte do atleta<\/p>\n<p style=\"margin-bottom:11px\">Morreu Marshawn Kneeland, jogador de futebol americano dos Dallas Cowboys, uma das melhores equipas da Liga de Futebol Americano (NFL), aos 24 anos.<\/p>\n<p style=\"margin-bottom:11px\">Foi a pr\u00f3pria equipa a confirmar a morte do atleta, que atuava na defesa. &#8220;\u00c9 com extrema tristeza que os Dallas Cowboys partilham que Marshawn Kneeland morreu tragicamente esta manh\u00e3&#8221;, acrescentou.<\/p>\n<p style=\"margin-bottom:11px\">A equipa lembra um &#8220;colega amado&#8221;, referindo que os seus pensamentos est\u00e3o com a sua namorada, Catalina, e a sua fam\u00edlia.<\/p>\n<p style=\"margin-bottom:11px\">A morte foi tamb\u00e9m confirmada pelo agente do atleta, Jonathan Perzley.<\/p>\n<p style=\"margin-bottom:11px\">Marshawn Kneeland tinha chegado aos Dallas Cowboys em 2024, ano em que foi escolhido no draft, o processo de recruta de novos jogadores que existe nos desportos norte-americanos.<\/p>\n<p style=\"margin-bottom:11px\">Origin\u00e1rio do Michigan, foi naquele mesmo estado que, entre 2019 e 2023, jogou futebol americano na universidade, um processo comum para os atletas que se querem tornar profissionais.<\/p>\n<p style=\"margin-bottom:11px\">Em 2024 acabou por fazer 11 jogos e em 2025 j\u00e1 em sete, incluindo tr\u00eas titularidades.<\/p>\n","protected":false},"excerpt":{"rendered":"Equipa e agente confirmaram a morte do atleta Morreu Marshawn Kneeland, jogador de futebol americano dos Dallas Cowboys,&hellip;\n","protected":false},"author":2,"featured_media":142113,"comment_status":"","ping_status":"","sticky":false,"template":"","format":"standard","meta":{"footnotes":""},"categories":[87],"tags":[609,2693,611,2694,51,27,6332,1230,2687,607,608,31451,135,610,524,6331,2044,2688,36,570,31450,1830,11097,13,462,32,33,669,4338,34,134,2349,29],"class_list":{"0":"post-142112","1":"post","2":"type-post","3":"status-publish","4":"format-standard","5":"has-post-thumbnail","7":"category-desporto","8":"tag-alerta","9":"tag-andebol","10":"tag-ao-minuto","11":"tag-basquetebol","12":"tag-benfica","13":"tag-breaking-news","14":"tag-campeonato","15":"tag-champions-league","16":"tag-classificacao","17":"tag-cnn","18":"tag-cnn-portugal","19":"tag-dallas-cowboys","20":"tag-desporto","21":"tag-direto","22":"tag-futebol","23":"tag-hoquei","24":"tag-jogos","25":"tag-jornada","26":"tag-liga","27":"tag-live","28":"tag-marshawn-kneeland","29":"tag-modalidades","30":"tag-nfl","31":"tag-noticias","32":"tag-porto","33":"tag-portugal","34":"tag-pt","35":"tag-ronaldo","36":"tag-selecao","37":"tag-sporting","38":"tag-sports","39":"tag-tenis","40":"tag-ultimas"},"share_on_mastodon":{"url":"https:\/\/pubeurope.com\/@pt\/115504518560324280","error":""},"_links":{"self":[{"href":"https:\/\/www.europesays.com\/pt\/wp-json\/wp\/v2\/posts\/142112","targetHints":{"allow":["GET"]}}],"collection":[{"href":"https:\/\/www.europesays.com\/pt\/wp-json\/wp\/v2\/posts"}],"about":[{"href":"https:\/\/www.europesays.com\/pt\/wp-json\/wp\/v2\/types\/post"}],"author":[{"embeddable":true,"href":"https:\/\/www.europesays.com\/pt\/wp-json\/wp\/v2\/users\/2"}],"replies":[{"embeddable":true,"href":"https:\/\/www.europesays.com\/pt\/wp-json\/wp\/v2\/comments?post=142112"}],"version-history":[{"count":0,"href":"https:\/\/www.europesays.com\/pt\/wp-json\/wp\/v2\/posts\/142112\/revisions"}],"wp:featuredmedia":[{"embeddable":true,"href":"https:\/\/www.europesays.com\/pt\/wp-json\/wp\/v2\/media\/142113"}],"wp:attachment":[{"href":"https:\/\/www.europesays.com\/pt\/wp-json\/wp\/v2\/media?parent=142112"}],"wp:term":[{"taxonomy":"category","embeddable":true,"href":"https:\/\/www.europesays.com\/pt\/wp-json\/wp\/v2\/categories?post=142112"},{"taxonomy":"post_tag","embeddable":true,"href":"https:\/\/www.europesays.com\/pt\/wp-json\/wp\/v2\/tags?post=142112"}],"curies":[{"name":"wp","href":"https:\/\/api.w.org\/{rel}","templated":true}]}}