{"id":142141,"date":"2025-11-06T20:20:14","date_gmt":"2025-11-06T20:20:14","guid":{"rendered":"https:\/\/www.europesays.com\/pt\/142141\/"},"modified":"2025-11-06T20:20:14","modified_gmt":"2025-11-06T20:20:14","slug":"exposicao-de-fotografia-e-pecas-de-roupa-de-antonio-variacoes-chega-ao-mude-em-dezembro","status":"publish","type":"post","link":"https:\/\/www.europesays.com\/pt\/142141\/","title":{"rendered":"Exposi\u00e7\u00e3o de fotografia e pe\u00e7as de roupa de Ant\u00f3nio Varia\u00e7\u00f5es chega ao MUDE em dezembro"},"content":{"rendered":"<p>O <a href=\"https:\/\/mude.pt\/\" target=\"_blank\" rel=\"noopener noreferrer nofollow\">MUDE<\/a> \u2013 Museu do Design e da Moda inaugura a 4 de dezembro <strong>\u201cMeu Nome Ant\u00f3nio\u201d<\/strong>, uma nova exposi\u00e7\u00e3o dedicada a Ant\u00f3nio Varia\u00e7\u00f5es (1944-1984), centrada no olhar \u00edntimo e c\u00famplice da fot\u00f3grafa <strong>Teresa Couto Pinto<\/strong>. A mostra re\u00fane <strong>85 fotografias<\/strong>, algumas in\u00e9ditas, resultado das sess\u00f5es realizadas entre 1981 e 1983, e onde se revela a constru\u00e7\u00e3o visual, est\u00e9tica e identit\u00e1ria do artista.<\/p>\n<p>Al\u00e9m do registo fotogr\u00e1fico, <strong>\u201cMeu Nome Ant\u00f3nio\u201d<\/strong> apresenta ainda <strong>pe\u00e7as de vestu\u00e1rio e acess\u00f3rios usados pelo m\u00fasico<\/strong>, refor\u00e7ando a dimens\u00e3o performativa e visual que sempre acompanhou a sua obra \u2013 muito para l\u00e1 dos palcos e das grava\u00e7\u00f5es.<\/p>\n<p>Segundo o museu, as imagens &#8220;evidenciam a personalidade forte, o humor, a liberdade criativa e o carisma de Varia\u00e7\u00f5es&#8221;, mas tamb\u00e9m a rela\u00e7\u00e3o de total confian\u00e7a com Couto Pinto. Foi destas sess\u00f5es que nasceram algumas das fotografias ic\u00f3nicas do cantor \u2014 como a c\u00e9lebre imagem em que segura uma tesoura de barbeiro junto ao peito ou o retrato com um microfone e uma tesoura na m\u00e3o.<\/p>\n<p>C\u00e9lebre imagem do artista em que segura uma tesoura de barbeiro junto ao peito<\/p>\n<p>Teresa Couto Pinto<\/p>\n<p>Com curadoria de <strong>B\u00e1rbara Coutinho<\/strong>, diretora do MUDE, e produzida em colabora\u00e7\u00e3o com a <a href=\"https:\/\/www.terraesplendida.com\/pt-pt\/\" target=\"_blank\" rel=\"noopener noreferrer nofollow\">Terra Espl\u00eandida<\/a>, a exposi\u00e7\u00e3o ficar\u00e1 patente de <strong>4 de dezembro a 26 de abril<\/strong>.<\/p>\n<p>Ant\u00f3nio Varia\u00e7\u00f5es: entre o fado, o pop e a inven\u00e7\u00e3o<\/p>\n<p>Barbeiro de profiss\u00e3o e criador por natureza, Ant\u00f3nio Varia\u00e7\u00f5es foi uma <strong>figura singular da m\u00fasica portuguesa<\/strong>, capaz de cruzar fado, tradi\u00e7\u00e3o popular e pop rock com uma est\u00e9tica visual que desafiava conven\u00e7\u00f5es. Morreu aos 39 anos, em junho de 1984, deixando apenas <strong>dois \u00e1lbuns<\/strong> \u2014 mas um legado que o tempo s\u00f3 ampliou:<a href=\"https:\/\/www.youtube.com\/watch?v=INpw3BaXVm4\" target=\"_blank\" rel=\"noopener noreferrer nofollow\">\u201cEstou Al\u00e9m\u201d<\/a>, <a href=\"https:\/\/www.youtube.com\/watch?v=iBOJBkno890&amp;list=RDiBOJBkno890&amp;start_radio=1\" target=\"_blank\" rel=\"noopener noreferrer nofollow\">\u201cCan\u00e7\u00e3o do Engate\u201d<\/a> ou <a href=\"https:\/\/www.youtube.com\/watch?v=EAQ1rTY89W8&amp;list=RDEAQ1rTY89W8&amp;start_radio=1\" target=\"_blank\" rel=\"noopener noreferrer nofollow\">\u201cO Corpo \u00e9 que Paga\u201d<\/a> tornaram-se can\u00e7\u00f5es maiores da pop portuguesa.<\/p>\n<p>A sua vida e obra continuam a gerar novas leituras \u2013 no teatro, no <a href=\"https:\/\/www.imdb.com\/pt\/title\/tt2155399\/\" target=\"_blank\" rel=\"noopener noreferrer nofollow\">cinema<\/a>, em biografias, exposi\u00e7\u00f5es e at\u00e9 num \u00e1lbum de reinterpreta\u00e7\u00f5es, pela forma\u00e7\u00e3o Humanos. <\/p>\n","protected":false},"excerpt":{"rendered":"O MUDE \u2013 Museu do Design e da Moda inaugura a 4 de dezembro \u201cMeu Nome Ant\u00f3nio\u201d, uma&hellip;\n","protected":false},"author":2,"featured_media":142142,"comment_status":"","ping_status":"","sticky":false,"template":"","format":"standard","meta":{"footnotes":""},"categories":[144],"tags":[207,205,206,203,201,202,204,114,115,32,33],"class_list":{"0":"post-142141","1":"post","2":"type-post","3":"status-publish","4":"format-standard","5":"has-post-thumbnail","7":"category-arte-e-design","8":"tag-arte","9":"tag-arte-e-design","10":"tag-artedesign","11":"tag-arts","12":"tag-arts-and-design","13":"tag-artsanddesign","14":"tag-design","15":"tag-entertainment","16":"tag-entretenimento","17":"tag-portugal","18":"tag-pt"},"share_on_mastodon":{"url":"https:\/\/pubeurope.com\/@pt\/115504612853271939","error":""},"_links":{"self":[{"href":"https:\/\/www.europesays.com\/pt\/wp-json\/wp\/v2\/posts\/142141","targetHints":{"allow":["GET"]}}],"collection":[{"href":"https:\/\/www.europesays.com\/pt\/wp-json\/wp\/v2\/posts"}],"about":[{"href":"https:\/\/www.europesays.com\/pt\/wp-json\/wp\/v2\/types\/post"}],"author":[{"embeddable":true,"href":"https:\/\/www.europesays.com\/pt\/wp-json\/wp\/v2\/users\/2"}],"replies":[{"embeddable":true,"href":"https:\/\/www.europesays.com\/pt\/wp-json\/wp\/v2\/comments?post=142141"}],"version-history":[{"count":0,"href":"https:\/\/www.europesays.com\/pt\/wp-json\/wp\/v2\/posts\/142141\/revisions"}],"wp:featuredmedia":[{"embeddable":true,"href":"https:\/\/www.europesays.com\/pt\/wp-json\/wp\/v2\/media\/142142"}],"wp:attachment":[{"href":"https:\/\/www.europesays.com\/pt\/wp-json\/wp\/v2\/media?parent=142141"}],"wp:term":[{"taxonomy":"category","embeddable":true,"href":"https:\/\/www.europesays.com\/pt\/wp-json\/wp\/v2\/categories?post=142141"},{"taxonomy":"post_tag","embeddable":true,"href":"https:\/\/www.europesays.com\/pt\/wp-json\/wp\/v2\/tags?post=142141"}],"curies":[{"name":"wp","href":"https:\/\/api.w.org\/{rel}","templated":true}]}}