{"id":142208,"date":"2025-11-06T21:32:21","date_gmt":"2025-11-06T21:32:21","guid":{"rendered":"https:\/\/www.europesays.com\/pt\/142208\/"},"modified":"2025-11-06T21:32:21","modified_gmt":"2025-11-06T21:32:21","slug":"cotrim-de-figueiredo-ficou-chocado-com-frase-de-ministro-sobre-a-lei-da-nacionalidade","status":"publish","type":"post","link":"https:\/\/www.europesays.com\/pt\/142208\/","title":{"rendered":"Cotrim de Figueiredo ficou chocado com frase de ministro sobre a lei da nacionalidade"},"content":{"rendered":"<p>\t                Candidato presidencial tem problemas com a afirma\u00e7\u00e3o &#8220;do ponto de vista \u00e9tico e depois do ponto de vista pol\u00edtico&#8221;<\/p>\n<p>O candidato presidencial Jo\u00e3o Cotrim de Figueiredo disse esta quinta-feira ter ficado chocado, est\u00e9tica e politicamente, com a frase \u201cPortugal fica mais Portugal\u201d, do ministro da Presid\u00eancia, sobre a lei da nacionalidade, afirmando que o pa\u00eds n\u00e3o se define assim.<\/p>\n<p>Ap\u00f3s ser questionado sobre se concordava com as cr\u00edticas do tamb\u00e9m candidato presidencial Henrique Gouveia e Melo ao Governo, em entrevista \u00e0 Antena 1, sobre a frase \u201cPortugal fica mais Portugal\u201d com a nova lei da nacionalidade, Jo\u00e3o Cotrim de Figueiredo disse que a posi\u00e7\u00e3o do Executivo o &#8220;chocou&#8221;, primeiro &#8220;do ponto de vista est\u00e9tico e depois do ponto de vista pol\u00edtico\u201d.<\/p>\n<p>\u201cPortugal n\u00e3o se define por esse tipo de situa\u00e7\u00f5es, Portugal define-se por aquilo que t\u00eam sido os nossos quase nove s\u00e9culos de hist\u00f3ria e o orgulho que temos naquilo que j\u00e1 fizemos e, sobretudo, a vontade daquilo do que vamos querer fazer, Portugal n\u00e3o se define por pormenores e detalhes da Lei da Nacionalidade\u201d, defendeu em declara\u00e7\u00f5es aos jornalistas ap\u00f3s um pequeno-almo\u00e7o e debate promovido pela Uni\u00e3o das Associa\u00e7\u00f5es do Com\u00e9rcio e Servi\u00e7os (UACS), em Lisboa.<\/p>\n<p>A 28 de outubro, o ministro da Presid\u00eancia, Leit\u00e3o Amaro, defendeu que \u201cPortugal fica mais Portugal\u201d com a nova lei da nacionalidade, uma posi\u00e7\u00e3o que mereceu contesta\u00e7\u00e3o de Gouveia e Melo numa entrevista \u00e0 Antena 1, divulgada na quarta-feira, em que disse n\u00e3o aceitar \u201cli\u00e7\u00f5es de patriotismo\u201d e questionou: \u201cQue raio de Portugal \u00e9 esse?\u201d<\/p>\n<p>Numa altura em que a revis\u00e3o da lei da nacionalidade aguarda a decis\u00e3o do Presidente da Rep\u00fablica para entrar em vigor, depois de aprovada no parlamento, Jo\u00e3o Cotrim de Figueiredo absteve-se de fazer previs\u00f5es sobre o que far\u00e1 Marcelo Rebelo de Sousa, acrescentando que o chefe de Estado \u201cn\u00e3o \u00e9 propriamente f\u00e1cil de prever\u201d.<\/p>\n<p>Inquirido sobre o impacto na a\u00e7\u00e3o do Governo do uso do veto presidencial durante os mandatos de Marcelo, o candidato defendeu que um chefe de Estado \u201cn\u00e3o deve estar limitado por isso resultar em mais ou menos demora legislativa\u201d, porque se uma lei \u201cest\u00e1 t\u00e3o mal que justifica o veto, ent\u00e3o at\u00e9 \u00e9 bom que n\u00e3o entre em vigor\u201d.<\/p>\n<p>Cotrim Figueiredo ressalvou, no entanto, que o atual desenho constitucional \u00e9 \u201cum pouco desvalorizador do sinal que o veto pol\u00edtico pretende dar\u201d, uma vez que a Assembleia da Rep\u00fablica tem o poder de a aprovar novamente nos mesmos moldes numa segunda vota\u00e7\u00e3o e for\u00e7ar o chefe de Estado a promulgar.<\/p>\n<p>Sobre como usar\u00e1 o veto no seu mandato, Cotrim disse que \u00e9 uma avalia\u00e7\u00e3o que ser\u00e1 feita \u201ccaso a caso\u201d.<\/p>\n<p>\u201cPode acontecer que numa semana tenha que vetar 150 diplomas ou nenhum. Eu espero que nenhum, espero que os governos sejam todos competentes. \u00c9 o melhor sinal para o pa\u00eds \u00e9 que o Presidente da Rep\u00fablica n\u00e3o tenha que votar absolutamente nada, porque as leis v\u00eam todas a tempo, todas bem feitas e n\u00e3o apresentam d\u00favidas constitucionais\u201d, considerou.<\/p>\n<p>Jo\u00e3o Cotrim de Figueiredo falou tamb\u00e9m da situa\u00e7\u00e3o na sa\u00fade, depois de questionado sobre a amea\u00e7a de paralisa\u00e7\u00e3o de m\u00e9dicos tarefeiros, defendendo que, independentemente dos danos desta a\u00e7\u00e3o, o mais importante \u00e9 discutir a natureza dos problemas e avan\u00e7ar com uma reforma no Servi\u00e7o Nacional de Sa\u00fade (SNS).<\/p>\n<p>\u201cOs prestadores de sa\u00fade s\u00f3 deveriam ser recompensados se as pessoas fossem atendidas a tempo, com qualidade, com o seu problema de sa\u00fade resolvido ou pelo menos mitigado naqueles que n\u00e3o t\u00eam solu\u00e7\u00e3o. Esta \u00e9 que deve ser a medida. Os prestadores que fizerem isto bem devem prosperar do ponto de vista financeiro e da progress\u00e3o de carreira\u201d, declarou.<\/p>\n<p>Sobre o encontro com a UACS, Cotrim de Figueiredo disse terem sido abordadas quest\u00f5es como a seguran\u00e7a nos principais centros urbanos e \u201cconcorr\u00eancia desleal de estabelecimentos comerciais que abrem sem terem viabilidade comercial \u00e0 vista de todas as autoridades\u201d.<\/p>\n<p>Cotrim especificou que a concorr\u00eancia desleal vem de lojas de vendas de \u2018souvenirs\u2019 ou artigos de pequeno valor que \u201cs\u00e3o, obviamente, insuficientes para fazer face \u00e0s rendas comerciais elevadas\u201d e s\u00e3o estabelecimentos que \u201ct\u00eam obviamente outras fontes de rendimentos ou algu\u00e9m a financiar essas rendas&#8221;.<\/p>\n","protected":false},"excerpt":{"rendered":"Candidato presidencial tem problemas com a afirma\u00e7\u00e3o &#8220;do ponto de vista \u00e9tico e depois do ponto de vista&hellip;\n","protected":false},"author":2,"featured_media":142209,"comment_status":"","ping_status":"","sticky":false,"template":"","format":"standard","meta":{"footnotes":""},"categories":[10],"tags":[609,611,454,27,28,1736,607,608,832,610,15,16,301,14,1481,1865,4578,17460,25,26,1765,570,453,21,22,833,12,13,19,20,452,4532,4499,3596,52,32,1076,1963,23,24,455,4579,33,17,18,29,30,31,7783],"class_list":{"0":"post-142208","1":"post","2":"type-post","3":"status-publish","4":"format-standard","5":"has-post-thumbnail","7":"category-portugal","8":"tag-alerta","9":"tag-ao-minuto","10":"tag-bloco-de-esquerda","11":"tag-breaking-news","12":"tag-breakingnews","13":"tag-chega","14":"tag-cnn","15":"tag-cnn-portugal","16":"tag-costa","17":"tag-direto","18":"tag-featured-news","19":"tag-featurednews","20":"tag-governo","21":"tag-headlines","22":"tag-imigracao","23":"tag-imigrantes","24":"tag-iniciativa-liberal","25":"tag-joao-cotrim-de-figueiredo","26":"tag-latest-news","27":"tag-latestnews","28":"tag-lei-da-nacionalidade","29":"tag-live","30":"tag-livre","31":"tag-main-news","32":"tag-mainnews","33":"tag-marcelo","34":"tag-news","35":"tag-noticias","36":"tag-noticias-principais","37":"tag-noticiasprincipais","38":"tag-pan","39":"tag-parlamento","40":"tag-partidos","41":"tag-pcp","42":"tag-politica","43":"tag-portugal","44":"tag-presidenciais-2026","45":"tag-presidente-da-republica","46":"tag-principais-noticias","47":"tag-principaisnoticias","48":"tag-ps","49":"tag-psd","50":"tag-pt","51":"tag-top-stories","52":"tag-topstories","53":"tag-ultimas","54":"tag-ultimas-noticias","55":"tag-ultimasnoticias","56":"tag-ventura"},"share_on_mastodon":{"url":"","error":"Validation failed: Text character limit of 500 exceeded"},"_links":{"self":[{"href":"https:\/\/www.europesays.com\/pt\/wp-json\/wp\/v2\/posts\/142208","targetHints":{"allow":["GET"]}}],"collection":[{"href":"https:\/\/www.europesays.com\/pt\/wp-json\/wp\/v2\/posts"}],"about":[{"href":"https:\/\/www.europesays.com\/pt\/wp-json\/wp\/v2\/types\/post"}],"author":[{"embeddable":true,"href":"https:\/\/www.europesays.com\/pt\/wp-json\/wp\/v2\/users\/2"}],"replies":[{"embeddable":true,"href":"https:\/\/www.europesays.com\/pt\/wp-json\/wp\/v2\/comments?post=142208"}],"version-history":[{"count":0,"href":"https:\/\/www.europesays.com\/pt\/wp-json\/wp\/v2\/posts\/142208\/revisions"}],"wp:featuredmedia":[{"embeddable":true,"href":"https:\/\/www.europesays.com\/pt\/wp-json\/wp\/v2\/media\/142209"}],"wp:attachment":[{"href":"https:\/\/www.europesays.com\/pt\/wp-json\/wp\/v2\/media?parent=142208"}],"wp:term":[{"taxonomy":"category","embeddable":true,"href":"https:\/\/www.europesays.com\/pt\/wp-json\/wp\/v2\/categories?post=142208"},{"taxonomy":"post_tag","embeddable":true,"href":"https:\/\/www.europesays.com\/pt\/wp-json\/wp\/v2\/tags?post=142208"}],"curies":[{"name":"wp","href":"https:\/\/api.w.org\/{rel}","templated":true}]}}